{"id":323213,"date":"2015-10-15T12:13:32","date_gmt":"2015-10-15T17:13:32","guid":{"rendered":"http:\/\/futboltotal.com.mx\/?p=323213"},"modified":"2015-10-27T09:41:18","modified_gmt":"2015-10-27T14:41:18","slug":"top-5-jorge-campos-y-otros-grandes-porteros-de-mexico","status":"publish","type":"post","link":"http:\/\/desarrollo.grupomedios.com\/futbol\/videos\/top-5-jorge-campos-y-otros-grandes-porteros-de-mexico\/2015\/10","title":{"rendered":"Top 5 | Jorge Campos y otros grandes porteros de M\u00e9xico"},"content":{"rendered":"<p>[video_player]https:\/\/player.vimeo.com\/external\/142530780.sd.mp4?s=166a21e25371ed2da93b8b33432403e1&amp;profile_id=112[\/video_player]<\/p>\n<p><strong>Jorge Campos<\/strong> fue uno de las grandes artistas de la porter\u00eda. Sus locuras bajo los tres palos y fuera de ellos, son motivos inolvidables para tenerlo como uno de los inolvidables en la posici\u00f3n.<\/p>\n<p>No hay que olvidar que el guardameta\u00a0vive marcado por una labor esencial para su equipo: evitar que el rival meta un gol. Ese es, en principio, el rol principal que se otorga al portero desde el pitido inicial. Pero es cierto que, en algunos casos, ya sea por las circunstancias, el viento a favor o la dulce locura que suele caracterizar a la demarcaci\u00f3n, estos se salen del gui\u00f3n para convertirse en los autores de lo que ellos mismos quieren evitar y el oriundo de Acapulco fue uno de esos.<\/p>\n<p>Sus exc\u00e9ntricos uniformes dieron la vuelta al mundo, sus goles inmerso en la posici\u00f3n de delantero hac\u00edan de \u00e9l un fen\u00f3meno noticioso, pero sus espectaculares maneras para evitar los goles del rival son parte trascendental de su legado. Por esa circunstancia, para nosotros Jorge Campos es el indiscutible n\u00famero uno en la historia de los porteros\u00a0en M\u00e9xico, aunque no olvidamos a otros con grandes destrezas desde la solitaria posici\u00f3n.<\/p>\n<p style=\"text-align: center;\"><strong><span style=\"color: #3366ff;\"><a style=\"color: #3366ff;\" href=\"http:\/\/futboltotal.com.mx\/2015\/10\/los-exoticos-uniformes-de-jorge-campos\/\">VER M\u00c1S: Galer\u00eda | Los ex\u00f3ticos uniformes de Jorge Campos<\/a><\/span><\/strong><\/p>\n<p><strong>Guillermo Ochoa | <\/strong><em>Memo<\/em> debi\u00f3 esperar tres Mundiales para brillar y lo hizo de manera formidable. No hay manera de olvidar aquella atajada que hizo al \u00eddolo de la afici\u00f3n local, Neymar, para resguardar el cero con una estirada que le hizo part\u00edcipe de la historia, inclusive gan\u00e1ndose una analog\u00eda con una de las postales m\u00e1s memorables de la historia, la genial salvada de <a href=\"https:\/\/www.youtube.com\/watch?v=MSusnXMwCQk\">Gordon Banks frente al <em>Rey<\/em> Pel\u00e9<\/a>.<\/p>\n<p><strong>Oswaldo S\u00e1nchez | <\/strong>Uno de los extra\u00f1os casos del balompi\u00e9 mexicano en jugar para los dos equipos m\u00e1s populares y ganadores: Am\u00e9rica y Chivas. Al igual que Guillermo Ochoa, fue hasta su tercera oportunidad que vio acci\u00f3n en una Copa del Mundo, en Alemania 2006. Pese a evoluciones en la caba\u00f1a sensacionales, un gol de antolog\u00eda manch\u00f3 su desarrollo en en Mundial. Oswaldo vol\u00f3 y vol\u00f3 pero no pudo detener <a href=\"https:\/\/www.youtube.com\/watch?v=WozHXbsAn9M\">aquel bombazo de Maxi Rodr\u00edguez<\/a>. En el plano local, se convirti\u00f3 en \u00eddolo del Reba\u00f1o Sagrado y tambi\u00e9n la <em>Comarca Lagunera<\/em>.<\/p>\n<p style=\"text-align: center;\"><strong><span style=\"color: #3366ff;\"><a style=\"color: #3366ff;\" href=\"http:\/\/futboltotal.com.mx\/2015\/10\/jorge-campos-el-inolvidable-brody\/\">LEER M\u00c1S: \u00a1Jorge Campos, cumple 49 a\u00f1os!<\/a><\/span><\/strong><\/p>\n<p><strong>\u00d3scar P\u00e9rez | <\/strong>El <em>Conejo<\/em> es famoso por sus saltos y ese resorte tan caracter\u00edstico de su persona. Siempre calvo, estuvo presente en uno de los momentos m\u00e1s tr\u00e1gicos de M\u00e9xico en Mundiales, la inesperada derrota ante los Estados Unidos en 2002. Cuando se pensaba que su carrera estaba por terminar, Javier Aguirre regres\u00f3 a la Selecci\u00f3n y contra todo pron\u00f3stico, lo hizo su guardameta titular 8 a\u00f1os despu\u00e9s. La oportunidad la aprovech\u00f3, erigi\u00e9ndose como uno de los pocos en abarcar par de Mundiales para el <em>Tri<\/em> desde la solitaria posici\u00f3n. Otros dos magn\u00edficos de este top lo acompa\u00f1an: Jorge Campos y <a href=\"https:\/\/www.youtube.com\/watch?v=FD77Q_eK8Rg\">Antonio Carbajal<\/a>.<\/p>\n<p style=\"text-align: center;\"><span style=\"color: #3366ff;\"><strong><a style=\"color: #3366ff;\" href=\"http:\/\/futboltotal.com.mx\/2015\/10\/jorge-campos-el-lider-azteca\/\">LEER M\u00c1S: Jorge Campos\u00a0inspir\u00f3 a un personaje de los Supercampeones<\/a><\/strong><\/span><\/p>\n<p><strong>Antonio Carbajal |<\/strong> El m\u00e1s hist\u00f3rico bajo los tres palos no solo de M\u00e9xico sino del mundo. \u00fanico en ser titular en cinco Copas del Mundo como portero.\u00a0Su historia en las justas mundiales tiene un inicio curioso. Con 21 a\u00f1os, fue incluido en la lista de la Copa del Mundo de Brasil 1950 como guardameta suplente, pero una lesi\u00f3n del primer portero, Ra\u00fal C\u00f3rdoba, le abri\u00f3 las puertas a la titularidad.\u00a0La <em>Tota<\/em> debut\u00f3 con el Tri Mayor en una justa mundial nada menos que en el Estadio Maracan\u00e1 y ante el anfitri\u00f3n, Brasil, aunque este resultar\u00eda agridulce ya que recibir\u00eda cuatro goles.<\/p>\n<p>Disput\u00f3 48 partidos con la selecci\u00f3n. Adem\u00e1s del Mundial de Brasil, asisti\u00f3 a\u00a0Suiza en 1954, Suecia en 1958, Chile en 1962 e\u00a0Inglaterra en 1966. Jug\u00f3 un total de once encuentros en los las citas mundiales, en los que encaj\u00f3 25 goles.<\/p>\n","protected":false},"excerpt":{"rendered":"<p>Recordarmos algunos fant\u00e1sticos guardianes aztecas<\/p>\n","protected":false},"author":20,"featured_media":323461,"comment_status":"open","ping_status":"open","sticky":false,"template":"","format":"standard","meta":[],"categories":[2198,3847,6381,4],"tags":[2053],"_links":{"self":[{"href":"http:\/\/desarrollo.grupomedios.com\/futbol\/wp-json\/wp\/v2\/posts\/323213"}],"collection":[{"href":"http:\/\/desarrollo.grupomedios.com\/futbol\/wp-json\/wp\/v2\/posts"}],"about":[{"href":"http:\/\/desarrollo.grupomedios.com\/futbol\/wp-json\/wp\/v2\/types\/post"}],"author":[{"embeddable":true,"href":"http:\/\/desarrollo.grupomedios.com\/futbol\/wp-json\/wp\/v2\/users\/20"}],"replies":[{"embeddable":true,"href":"http:\/\/desarrollo.grupomedios.com\/futbol\/wp-json\/wp\/v2\/comments?post=323213"}],"version-history":[{"count":0,"href":"http:\/\/desarrollo.grupomedios.com\/futbol\/wp-json\/wp\/v2\/posts\/323213\/revisions"}],"wp:featuredmedia":[{"embeddable":true,"href":"http:\/\/desarrollo.grupomedios.com\/futbol\/wp-json\/wp\/v2\/media\/323461"}],"wp:attachment":[{"href":"http:\/\/desarrollo.grupomedios.com\/futbol\/wp-json\/wp\/v2\/media?parent=323213"}],"wp:term":[{"taxonomy":"category","embeddable":true,"href":"http:\/\/desarrollo.grupomedios.com\/futbol\/wp-json\/wp\/v2\/categories?post=323213"},{"taxonomy":"post_tag","embeddable":true,"href":"http:\/\/desarrollo.grupomedios.com\/futbol\/wp-json\/wp\/v2\/tags?post=323213"}],"curies":[{"name":"wp","href":"https:\/\/api.w.org\/{rel}","templated":true}]}}