{"id":323239,"date":"2015-10-14T13:54:47","date_gmt":"2015-10-14T18:54:47","guid":{"rendered":"http:\/\/futboltotal.com.mx\/?p=323239"},"modified":"2015-10-14T13:58:21","modified_gmt":"2015-10-14T18:58:21","slug":"jorge-vergara-no-permitira-el-regreso-de-fuentes","status":"publish","type":"post","link":"http:\/\/desarrollo.grupomedios.com\/futbol\/futbol-mexicano\/jorge-vergara-no-permitira-el-regreso-de-fuentes\/2015\/10","title":{"rendered":"Jorge Vergara no permitir\u00e1 el regreso de Fuentes"},"content":{"rendered":"<p>Ante el regreso de <strong>Ang\u00e9lica Fuentes<\/strong> a <strong><a href=\"http:\/\/www.futboltotal.com.mx\/equipos\/guadalajara\/\" target=\"_blank\">Chivas<\/a><\/strong>, impuesto por las autoridades, <strong>Jorge Vergara<\/strong> explica que a\u00fan existe una demanda en contra de su ex esposa, por lo que se aplazar\u00eda el retorno de la empresaria al emporio <em>rojiblanco<\/em>.<\/p>\n<p>&#8220;En la (<a href=\"http:\/\/futboltotal.com.mx\/2015\/10\/vergara-demanda-a-angelica-fuentes-por-desviar-72-mdd\/\" target=\"_blank\">demanda<\/a>) que tiene en este momento es c\u00e1rcel, no hay derecho a fianza&#8221;, se\u00f1al\u00f3 Jorge Vergara en una entrevista para <em>Televisa Deportes<\/em>; cabe recordar, que el empresario ya antes hab\u00eda se\u00f1alado, que <strong>Ang\u00e9lica Fuentes<\/strong> se encuentra pr\u00f3fuga de la justicia.<\/p>\n<p style=\"text-align: center;\"><span style=\"color: #3366ff;\"><strong><a style=\"color: #3366ff;\" href=\"http:\/\/futboltotal.com.mx\/2015\/10\/vergara-quisiera-evitar-que-fuentes-vaya-a-prision\/\" target=\"_blank\">LEER M\u00c1S: Orden de aprehensi\u00f3n sobre Ang\u00e9lica Fuentes, es vigente\u00a0<\/a><\/strong><\/span><\/p>\n<p><strong>Ang\u00e9lica Fuentes<\/strong> fue restituida de su cargo por el\u00a0Cuarto Tribunal Colegiado de Jalisco, que concedi\u00f3 una \u201csuspensi\u00f3n definitiva\u201d que otorga a la empresaria un poder plenipotenciario para tomar el control del conjunto tapat\u00edo, siempre y cuando realice el pago de un mill\u00f3n de pesos.<\/p>\n<p style=\"text-align: center;\"><strong><span style=\"color: #3366ff;\"><a style=\"color: #3366ff;\" href=\"http:\/\/futboltotal.com.mx\/2015\/10\/angelica-fuentes-tomara-las-riendas-de-chivas\/\" target=\"_blank\">LEER M\u00c1S: Proceso para que Fuentes retome al Reba\u00f1o Sagrado<\/a><\/span><\/strong><\/p>\n<p style=\"text-align: left;\">Con la demanda interpuesta por <strong>Jorge Vergara<\/strong>, el due\u00f1o de <strong>Chivas<\/strong> espera no solo posponer el regreso de <strong>Ang\u00e9lica Fuentes<\/strong> al club, sino inclusive, luchar porque su ex pareja no retome su puesto en el cuadro <em>rojiblanco<\/em>.<\/p>\n<p><strong><span style=\"color: #ff0000;\">VIDEO: Top 5, mejores goles de la Fecha FIFA<\/span><\/strong><\/p>\n<p>[video_player]https:\/\/player.vimeo.com\/external\/142200151.sd.mp4?s=68e9e3190d5c4448484a7d1b01e9bc99&amp;profile_id=112<br \/>\n[\/video_player]<\/p>\n<p>&nbsp;<\/p>\n","protected":false},"excerpt":{"rendered":"<p>La demanda que interpuso el due\u00f1o de Chivas, aplazar\u00eda el regreso de su ex esposa<\/p>\n","protected":false},"author":20,"featured_media":323247,"comment_status":"open","ping_status":"open","sticky":false,"template":"","format":"standard","meta":[],"categories":[2198,3845,5418,5950],"tags":[2314,70,243],"_links":{"self":[{"href":"http:\/\/desarrollo.grupomedios.com\/futbol\/wp-json\/wp\/v2\/posts\/323239"}],"collection":[{"href":"http:\/\/desarrollo.grupomedios.com\/futbol\/wp-json\/wp\/v2\/posts"}],"about":[{"href":"http:\/\/desarrollo.grupomedios.com\/futbol\/wp-json\/wp\/v2\/types\/post"}],"author":[{"embeddable":true,"href":"http:\/\/desarrollo.grupomedios.com\/futbol\/wp-json\/wp\/v2\/users\/20"}],"replies":[{"embeddable":true,"href":"http:\/\/desarrollo.grupomedios.com\/futbol\/wp-json\/wp\/v2\/comments?post=323239"}],"version-history":[{"count":0,"href":"http:\/\/desarrollo.grupomedios.com\/futbol\/wp-json\/wp\/v2\/posts\/323239\/revisions"}],"wp:featuredmedia":[{"embeddable":true,"href":"http:\/\/desarrollo.grupomedios.com\/futbol\/wp-json\/wp\/v2\/media\/323247"}],"wp:attachment":[{"href":"http:\/\/desarrollo.grupomedios.com\/futbol\/wp-json\/wp\/v2\/media?parent=323239"}],"wp:term":[{"taxonomy":"category","embeddable":true,"href":"http:\/\/desarrollo.grupomedios.com\/futbol\/wp-json\/wp\/v2\/categories?post=323239"},{"taxonomy":"post_tag","embeddable":true,"href":"http:\/\/desarrollo.grupomedios.com\/futbol\/wp-json\/wp\/v2\/tags?post=323239"}],"curies":[{"name":"wp","href":"https:\/\/api.w.org\/{rel}","templated":true}]}}