{"id":323298,"date":"2015-10-14T15:38:50","date_gmt":"2015-10-14T20:38:50","guid":{"rendered":"http:\/\/futboltotal.com.mx\/?p=323298"},"modified":"2015-10-14T15:40:27","modified_gmt":"2015-10-14T20:40:27","slug":"sergio-valdeolmillos-a-venezuela","status":"publish","type":"post","link":"http:\/\/desarrollo.grupomedios.com\/futbol\/no-todo-es-futbol\/sergio-valdeolmillos-a-venezuela\/2015\/10","title":{"rendered":"Sergio Valdeolmillos, a Venezuela"},"content":{"rendered":"<p>El club Marinos de Anzo\u00e1tegui ha hecho oficial la incorporaci\u00f3n de <strong>Sergio Valdeolmillos<\/strong> como su nuevo entrenador para la pr\u00f3xima temporada, situaci\u00f3n confirmada por el entrenador espa\u00f1ol, y quien indic\u00f3 que dicha situaci\u00f3n no lo privara de regresar con la <strong>Selecci\u00f3n Mexicana de Baloncesto<\/strong>, cuando inicie el Torneo de Clasificaci\u00f3n Ol\u00edmpica de FIBA.<\/p>\n<p>El anuncio de la incorporaci\u00f3n de Valdeolmillos al <em>Acorazado Oriental<\/em>, fue realizado por el mismo club a trav\u00e9s de su cuenta de <em>Twitter<\/em>, adem\u00e1s de anunciar que tambi\u00e9n contratar\u00edan a su asistente, Ram\u00f3n D\u00edaz.<\/p>\n<blockquote class=\"twitter-tweet\" width=\"500\">\n<p lang=\"es\" dir=\"ltr\">El espa\u00f1ol Sergio Valdeolmillos es el nuevo Director T\u00e9cnico de Marinos de Anzo\u00e1tegui. <a href=\"https:\/\/twitter.com\/hashtag\/YoSoyMarinos?src=hash\">#YoSoyMarinos<\/a> <a href=\"https:\/\/twitter.com\/hashtag\/VamosPorLa12?src=hash\">#VamosPorLa12<\/a> <a href=\"http:\/\/t.co\/VHmnKB2Cp7\">pic.twitter.com\/VHmnKB2Cp7<\/a><\/p>\n<p>&mdash; MarinosBBC (@marinosweb) <a href=\"https:\/\/twitter.com\/marinosweb\/status\/654044377434689538\">October 13, 2015<\/a><\/p><\/blockquote>\n<p><script async src=\"\/\/platform.twitter.com\/widgets.js\" charset=\"utf-8\"><\/script><\/p>\n<p>Dicha contrataci\u00f3n pon\u00eda en duda la continuidad de Sergio al frente del <em>Tri<\/em>, sobre todo porque hace algunos d\u00edas el mismo entrenador hab\u00eda dejado ver que ya no continuar\u00eda manejando los hilos del seleccionado nacional.<\/p>\n<p style=\"text-align: center;\"><strong><span style=\"color: #3366ff;\"><a style=\"color: #3366ff;\" href=\"http:\/\/futboltotal.com.mx\/no-todo-es-futbol\/basquetbol\/\">LEER M\u00c1S: Toda la informaci\u00f3n del Basquetbol<\/a><\/span><\/strong><\/p>\n<p>Sin embargo, fue el\u00a0 mismo <strong>Sergio Valdeolmillos<\/strong> quien dio a conocer un comunicado a trav\u00e9s de la misma red social, donde explic\u00f3 su situaci\u00f3n; dejando en claro que puede, y quiere regresar a la selecci\u00f3n mexicana, y lo podr\u00e1 hacer, una vez terminando la actividad con Marineros; ya que le dar\u00eda tiempo de incorporarse, aunque el equipo venezolano llegue a las finales.<\/p>\n<blockquote class=\"twitter-tweet\" width=\"500\">\n<p lang=\"es\" dir=\"ltr\">Aclaraci\u00f3n sobre la situaci\u00f3n con la Selecci\u00f3n Nacional de M\u00e9xico <a href=\"http:\/\/t.co\/FSZ3NHBlgH\">pic.twitter.com\/FSZ3NHBlgH<\/a><\/p>\n<p>&mdash; Sergio Valdeolmillos (@servamo) <a href=\"https:\/\/twitter.com\/servamo\/status\/654348566559911936\">October 14, 2015<\/a><\/p><\/blockquote>\n<p><script async src=\"\/\/platform.twitter.com\/widgets.js\" charset=\"utf-8\"><\/script><\/p>\n<p>Dentro del palmar\u00e9s de <strong>Sergio Valdeolmillos<\/strong> en la <strong>Selecci\u00f3n Mexicana de Baloncesto<\/strong> se encuentran una medalla de plata en los Juegos Panamericanos del 2011, el t\u00edtulo del Campeonato FIBA Am\u00e9ricas 2013 y el cuarto sitio en la edici\u00f3n 2014; el campeonato en el Centrobasket 2014, adem\u00e1s de la calificaci\u00f3n al mundial de la especialidad en Espa\u00f1a.<\/p>\n","protected":false},"excerpt":{"rendered":"<p>El espa\u00f1ol asegura que regresar\u00e1 con M\u00e9xico<\/p>\n","protected":false},"author":20,"featured_media":323302,"comment_status":"open","ping_status":"open","sticky":false,"template":"","format":"standard","meta":[],"categories":[5814,5418],"tags":[6208,6294,6293,6292],"_links":{"self":[{"href":"http:\/\/desarrollo.grupomedios.com\/futbol\/wp-json\/wp\/v2\/posts\/323298"}],"collection":[{"href":"http:\/\/desarrollo.grupomedios.com\/futbol\/wp-json\/wp\/v2\/posts"}],"about":[{"href":"http:\/\/desarrollo.grupomedios.com\/futbol\/wp-json\/wp\/v2\/types\/post"}],"author":[{"embeddable":true,"href":"http:\/\/desarrollo.grupomedios.com\/futbol\/wp-json\/wp\/v2\/users\/20"}],"replies":[{"embeddable":true,"href":"http:\/\/desarrollo.grupomedios.com\/futbol\/wp-json\/wp\/v2\/comments?post=323298"}],"version-history":[{"count":0,"href":"http:\/\/desarrollo.grupomedios.com\/futbol\/wp-json\/wp\/v2\/posts\/323298\/revisions"}],"wp:featuredmedia":[{"embeddable":true,"href":"http:\/\/desarrollo.grupomedios.com\/futbol\/wp-json\/wp\/v2\/media\/323302"}],"wp:attachment":[{"href":"http:\/\/desarrollo.grupomedios.com\/futbol\/wp-json\/wp\/v2\/media?parent=323298"}],"wp:term":[{"taxonomy":"category","embeddable":true,"href":"http:\/\/desarrollo.grupomedios.com\/futbol\/wp-json\/wp\/v2\/categories?post=323298"},{"taxonomy":"post_tag","embeddable":true,"href":"http:\/\/desarrollo.grupomedios.com\/futbol\/wp-json\/wp\/v2\/tags?post=323298"}],"curies":[{"name":"wp","href":"https:\/\/api.w.org\/{rel}","templated":true}]}}