{"id":323329,"date":"2015-10-15T08:30:32","date_gmt":"2015-10-15T13:30:32","guid":{"rendered":"http:\/\/futboltotal.com.mx\/?p=323329"},"modified":"2015-10-15T19:23:11","modified_gmt":"2015-10-16T00:23:11","slug":"jorge-campos-el-inolvidable-brody","status":"publish","type":"post","link":"http:\/\/desarrollo.grupomedios.com\/futbol\/futbol-mexicano\/jorge-campos-el-inolvidable-brody\/2015\/10","title":{"rendered":"Felicidades Brody: \u00a1Jorge Campos, cumple 49 a\u00f1os!"},"content":{"rendered":"<p>Este jueves 15 de octubre, el futbol mexicano est\u00e1 de fiesta. Y es que\u00a0se conmemora el <strong>cumplea\u00f1os<\/strong> n\u00famero <strong>49<\/strong> de una de sus m\u00e1ximas figuras: el m\u00edtico\u00a0<strong>Jorge Campos<\/strong>, el inolvidable <em>Brody<\/em>.<\/p>\n<p>Pocas historias hay dentro del universo del futbol, como la que tuvo <strong>Jorge Campos<\/strong>, un jugador que tuvo sus inicios en las fuerzas b\u00e1sicas de los Pumas de la UNAM, donde dej\u00f3 un grato recuerdo, por su calidad\u00a0como portero\u00a0y&#8230;\u00a0\u00a1como goleador!<\/p>\n<p>Aunque tambi\u00e9n dej\u00f3 una grata huella por el Atlante, donde estuvo\u00a0en tres temporadas distintas, por Cruz Azul, donde consigui\u00f3 el t\u00edtulo del Invierno 1997, Tigres y Puebla. En cada uno de ellos,\u00a0dejando en claro su calidad bajo los tres palos.<\/p>\n<p style=\"text-align: center;\"><span style=\"color: #3366ff;\"><strong><a style=\"color: #3366ff;\" href=\"http:\/\/futboltotal.com.mx\/2015\/10\/jorge-campos-el-lider-azteca\/\">LEER M\u00c1S: Jorge Campos\u00a0inspir\u00f3 a un personaje de los Supercampeones<\/a><\/strong><\/span><\/p>\n<p>Y a\u00a0pesar de haber militado en el extranjero s\u00f3lo en equipos de Estados Unidos, con\u00a0Los \u00c1ngeles <em>Galaxy<\/em> y Chicago <em>Fire<\/em>, el nombre de <strong>Jorge Campos<\/strong> trascendi\u00f3 fronteras, gracias a que su talento le hizo acreedor a un lugar dentro de la Selecci\u00f3n Mexicana, donde se dio a conocer como un portero de estatura baja, con notable\u00a0agilidad, capacidad de reacci\u00f3n y sus extravagantes su\u00e9teres de portero.<\/p>\n<p>Su calidad bajo el marco fue fundamental para que la Selecci\u00f3n Mexicana consiguiera una actuaci\u00f3n destacada en los Mundiales de Estados Unidos 94 y Francia 98, adem\u00e1s de los t\u00edtulos de la Copa Oro en 1993 y 1996, los Juegos Panamericanos de 1999, el subcampeonato y tercer lugar de la Copa Am\u00e9rica en 1993 y 1999,\u00a0respectivamente, y el que es considerado el m\u00e1ximo t\u00edtulo para M\u00e9xico a nivel mayor: la Copa Confederaciones de 1999.<\/p>\n<p>Dichas actuaciones le\u00a0valieron a <strong>Jorge Campos<\/strong> para ser nombrado Tercer Mejor Portero del Mundo por la Federaci\u00f3n Internacional de Historia y Estad\u00edstica de Futbol (IFFHS) en 1992,\u00a0al lado del dan\u00e9s Peter Schmeichel y del argentino Sergio Goycochea.<\/p>\n<p style=\"text-align: center;\"><span style=\"color: #3366ff;\"><strong><a style=\"color: #3366ff;\" href=\"http:\/\/futboltotal.com.mx\/2015\/10\/los-exoticos-uniformes-de-jorge-campos\/\">VER M\u00c1S: Los ex\u00f3ticos uniformes de Jorge Campos<\/a><\/strong><\/span><\/p>\n<p>Pero adem\u00e1s de su talento bajo los tres palos, el <em>Brody<\/em>\u00a0destac\u00f3 como goleador, al grado\u00a0de ser el cuarto mejor portero-goleador del mundo, con 40 goles, detr\u00e1s de Rogerio Ceni (121), Jos\u00e9 Luis Chilavert (62) y Rene Higuita (41).<\/p>\n<p>Por tales reconocimientos, <strong>Jorge Campos<\/strong> tambi\u00e9n se gan\u00f3 la admiraci\u00f3n de figuras de talla internacional, como el mismo Peter Schmeichel, Romario, Diego Armando\u00a0Maradona, Ronaldinho, Pel\u00e9 y Lionel Messi, quienes han mencionado que admiran o tienen como \u00eddolo al orgullo de Acapulco.<\/p>\n<p>Por todo esto y mucho m\u00e1s, nunca pasar\u00e1 inadvertido el cumplea\u00f1os de una de las m\u00e1ximas figuras del futbol mexicano y del futbol mundial\u2026 \u00a1Felicidades <strong>Jorge Campos<\/strong>, el inolvidable <em>Brody<\/em>!<\/p>\n","protected":false},"excerpt":{"rendered":"<p>El inolvidable portero goleador, est\u00e1 de fiesta<\/p>\n","protected":false},"author":20,"featured_media":323422,"comment_status":"open","ping_status":"open","sticky":false,"template":"","format":"standard","meta":[],"categories":[2198,5950],"tags":[2053,5979],"_links":{"self":[{"href":"http:\/\/desarrollo.grupomedios.com\/futbol\/wp-json\/wp\/v2\/posts\/323329"}],"collection":[{"href":"http:\/\/desarrollo.grupomedios.com\/futbol\/wp-json\/wp\/v2\/posts"}],"about":[{"href":"http:\/\/desarrollo.grupomedios.com\/futbol\/wp-json\/wp\/v2\/types\/post"}],"author":[{"embeddable":true,"href":"http:\/\/desarrollo.grupomedios.com\/futbol\/wp-json\/wp\/v2\/users\/20"}],"replies":[{"embeddable":true,"href":"http:\/\/desarrollo.grupomedios.com\/futbol\/wp-json\/wp\/v2\/comments?post=323329"}],"version-history":[{"count":0,"href":"http:\/\/desarrollo.grupomedios.com\/futbol\/wp-json\/wp\/v2\/posts\/323329\/revisions"}],"wp:featuredmedia":[{"embeddable":true,"href":"http:\/\/desarrollo.grupomedios.com\/futbol\/wp-json\/wp\/v2\/media\/323422"}],"wp:attachment":[{"href":"http:\/\/desarrollo.grupomedios.com\/futbol\/wp-json\/wp\/v2\/media?parent=323329"}],"wp:term":[{"taxonomy":"category","embeddable":true,"href":"http:\/\/desarrollo.grupomedios.com\/futbol\/wp-json\/wp\/v2\/categories?post=323329"},{"taxonomy":"post_tag","embeddable":true,"href":"http:\/\/desarrollo.grupomedios.com\/futbol\/wp-json\/wp\/v2\/tags?post=323329"}],"curies":[{"name":"wp","href":"https:\/\/api.w.org\/{rel}","templated":true}]}}