{"id":323425,"date":"2015-10-15T09:23:22","date_gmt":"2015-10-15T14:23:22","guid":{"rendered":"http:\/\/futboltotal.com.mx\/?p=323425"},"modified":"2015-10-15T11:26:01","modified_gmt":"2015-10-15T16:26:01","slug":"los-exoticos-uniformes-de-jorge-campos","status":"publish","type":"post","link":"http:\/\/desarrollo.grupomedios.com\/futbol\/galerias\/los-exoticos-uniformes-de-jorge-campos\/2015\/10","title":{"rendered":"Los ex\u00f3ticos uniformes de Jorge Campos"},"content":{"rendered":"<p><strong>Jorge Campos <\/strong>cumple 49 a\u00f1os este jueves 15 de agosto. El acapulque\u00f1o fue un arquero de \u00e9poca, que cautiv\u00f3 al mundo del futbol gracias a su desempe\u00f1o bajo los tres palos. Y s\u00ed, tambi\u00e9n por sus ex\u00f3ticos uniformes.<\/p>\n<div id=\"galleryQdQ\" style=\"display:none;\"><img alt=\"Los ex\u00f3ticos uniformes de Jorge Campos\" src=\"http:\/\/desarrollo.grupomedios.com\/futbol\/wp-content\/uploads\/2015\/10\/jorge_campos_uniforme5.jpg\" data-image=\"http:\/\/desarrollo.grupomedios.com\/futbol\/wp-content\/uploads\/2015\/10\/jorge_campos_uniforme5.jpg\" data-description=\"jorge_campos_uniforme5\"><img alt=\"Los ex\u00f3ticos uniformes de Jorge Campos\" src=\"http:\/\/desarrollo.grupomedios.com\/futbol\/wp-content\/uploads\/2015\/10\/jorge_campos_uniforme4.jpg\" data-image=\"http:\/\/desarrollo.grupomedios.com\/futbol\/wp-content\/uploads\/2015\/10\/jorge_campos_uniforme4.jpg\" data-description=\"jorge_campos_uniforme4\"><img alt=\"Los ex\u00f3ticos uniformes de Jorge Campos\" src=\"http:\/\/desarrollo.grupomedios.com\/futbol\/wp-content\/uploads\/2015\/10\/jorge_campos_uniforme3.jpg\" data-image=\"http:\/\/desarrollo.grupomedios.com\/futbol\/wp-content\/uploads\/2015\/10\/jorge_campos_uniforme3.jpg\" data-description=\"jorge_campos_uniforme3\"><img alt=\"Los ex\u00f3ticos uniformes de Jorge Campos\" src=\"http:\/\/desarrollo.grupomedios.com\/futbol\/wp-content\/uploads\/2015\/10\/jorge_campos_uniforme2.jpg\" data-image=\"http:\/\/desarrollo.grupomedios.com\/futbol\/wp-content\/uploads\/2015\/10\/jorge_campos_uniforme2.jpg\" data-description=\"jorge_campos_uniforme2\"><img alt=\"Los ex\u00f3ticos uniformes de Jorge Campos\" src=\"http:\/\/desarrollo.grupomedios.com\/futbol\/wp-content\/uploads\/2015\/10\/jorge_campos_uniforme1.jpg\" data-image=\"http:\/\/desarrollo.grupomedios.com\/futbol\/wp-content\/uploads\/2015\/10\/jorge_campos_uniforme1.jpg\" data-description=\"jorge_campos_uniforme1\"><\/div>\n        <script>\n        \/\/galeria 1\n        jQuery(document).ready(function(){ \n            var api;\n            api = jQuery(\"#galleryQdQ\").unitegallery({\n                carousel_autoplay: false\n            }); \n        });\n        <\/script>\n        \n<p style=\"text-align: center;\"><span style=\"color: #3366ff;\"><strong><a style=\"color: #3366ff;\" href=\"http:\/\/futboltotal.com.mx\/2015\/10\/jorge-campos-el-lider-azteca\/\">LEER M\u00c1S: Jorge Campos\u00a0inspir\u00f3 a un personaje de los Supercampeones<\/a><\/strong><\/span><\/p>\n<p><strong>Jorge Campos<\/strong> fue un portero admirado, con un collage por piel, salt\u00f3 a la fama internacional gracias a que su talento le hizo acreedor a un lugar dentro de la Selecci\u00f3n Mexicana, donde se dio a conocer como un portero de estatura baja, con notable agilidad, capacidad de reacci\u00f3n y sus extravagantes su\u00e9teres de portero.<\/p>\n<p style=\"text-align: center;\"><span style=\"color: #3366ff;\"><strong><a style=\"color: #3366ff;\" href=\"http:\/\/futboltotal.com.mx\/2015\/10\/jorge-campos-el-inolvidable-brody\/\">LEER M\u00c1S: Jorge Campos, el inolvidable Brody<\/a><\/strong><\/span><\/p>\n","protected":false},"excerpt":{"rendered":"<p>El acapulque\u00f1o fue un arquero de \u00e9poca, que cautiv\u00f3 al mundo del futbol<\/p>\n","protected":false},"author":20,"featured_media":323426,"comment_status":"open","ping_status":"open","sticky":false,"template":"","format":"standard","meta":[],"categories":[2198,3],"tags":[2053],"_links":{"self":[{"href":"http:\/\/desarrollo.grupomedios.com\/futbol\/wp-json\/wp\/v2\/posts\/323425"}],"collection":[{"href":"http:\/\/desarrollo.grupomedios.com\/futbol\/wp-json\/wp\/v2\/posts"}],"about":[{"href":"http:\/\/desarrollo.grupomedios.com\/futbol\/wp-json\/wp\/v2\/types\/post"}],"author":[{"embeddable":true,"href":"http:\/\/desarrollo.grupomedios.com\/futbol\/wp-json\/wp\/v2\/users\/20"}],"replies":[{"embeddable":true,"href":"http:\/\/desarrollo.grupomedios.com\/futbol\/wp-json\/wp\/v2\/comments?post=323425"}],"version-history":[{"count":0,"href":"http:\/\/desarrollo.grupomedios.com\/futbol\/wp-json\/wp\/v2\/posts\/323425\/revisions"}],"wp:featuredmedia":[{"embeddable":true,"href":"http:\/\/desarrollo.grupomedios.com\/futbol\/wp-json\/wp\/v2\/media\/323426"}],"wp:attachment":[{"href":"http:\/\/desarrollo.grupomedios.com\/futbol\/wp-json\/wp\/v2\/media?parent=323425"}],"wp:term":[{"taxonomy":"category","embeddable":true,"href":"http:\/\/desarrollo.grupomedios.com\/futbol\/wp-json\/wp\/v2\/categories?post=323425"},{"taxonomy":"post_tag","embeddable":true,"href":"http:\/\/desarrollo.grupomedios.com\/futbol\/wp-json\/wp\/v2\/tags?post=323425"}],"curies":[{"name":"wp","href":"https:\/\/api.w.org\/{rel}","templated":true}]}}