{"id":323435,"date":"2015-10-15T10:13:14","date_gmt":"2015-10-15T15:13:14","guid":{"rendered":"http:\/\/futboltotal.com.mx\/?p=323435"},"modified":"2015-10-15T10:13:14","modified_gmt":"2015-10-15T15:13:14","slug":"wenger-se-molesta-con-alexis-sanchez","status":"publish","type":"post","link":"http:\/\/desarrollo.grupomedios.com\/futbol\/futbol-internacional\/wenger-se-molesta-con-alexis-sanchez\/2015\/10","title":{"rendered":"Wenger se molesta con Alexis S\u00e1nchez"},"content":{"rendered":"<p>El entrenador del Arsenal, <strong>Arsene Wenger<\/strong>, extern\u00f3 su molestia por la participaci\u00f3n de <strong>Alexis S\u00e1nchez<\/strong> en los dos partidos de la pasada Fecha FIFA con la selecci\u00f3n de Chile, pues afirm\u00f3 que no estaba en condiciones \u00f3ptimas para hacerlo.<\/p>\n<p>&#8220;Alexis quiso ir con su selecci\u00f3n a pesar del problema que ten\u00eda en la cadera que sufri\u00f3 ante el Manchester United. Pero no puedo hacer mucho&#8221;, dijo el entrenador en rueda de prensa. &#8220;Alexis es un chico que siempre quiere jugar, as\u00ed que sab\u00eda que siempre iba a ser una situaci\u00f3n dif\u00edcil&#8221;, agreg\u00f3.<\/p>\n<p style=\"text-align: center;\"><strong><span style=\"color: #3366ff;\"><a style=\"color: #3366ff;\" href=\"http:\/\/futboltotal.com.mx\/?s=Alexis+S%C3%A1nchez\">LEER M\u00c1S: Todas las noticias de Alexis S\u00e1nchez <\/a><\/span><\/strong><\/p>\n<p><strong>Alexis<\/strong> enfrent\u00f3 a Brasil y Per\u00fa en el inicio de las eliminatorias mundialistas de Rusia 2018 y el delantero tuvo actividad sin complicaciones. Sin embargo, <strong>Wenger<\/strong> aun no sabe si podr\u00e1 jugar ante el Watford este fin de semana y conf\u00eda en que pueda contar con \u00e9l para el partido ante Bayern M\u00fanich de la Champions League.<\/p>\n<p>&#8220;Comprendo que Chile est\u00e1 tratando de clasificarse para el Mundial y es un jugador importante para ellos, pero tambi\u00e9n juega ac\u00e1. Vamos a ver lo que sucede y c\u00f3mo regresa. Tenemos que ver si lo tendremos en nuestro pr\u00f3ximo juego o lo protegemos&#8221;, ap\u00fant\u00f3 el t\u00e9cnico, quien espera que el ariete andino reporte este jueves con el equipo.<\/p>\n","protected":false},"excerpt":{"rendered":"<p>El t\u00e9cnico se molesta porque el chileno jug\u00f3 tocado con la selecci\u00f3n de Chile<\/p>\n","protected":false},"author":20,"featured_media":323436,"comment_status":"open","ping_status":"open","sticky":false,"template":"","format":"standard","meta":[],"categories":[3839,3846],"tags":[6053,6044],"_links":{"self":[{"href":"http:\/\/desarrollo.grupomedios.com\/futbol\/wp-json\/wp\/v2\/posts\/323435"}],"collection":[{"href":"http:\/\/desarrollo.grupomedios.com\/futbol\/wp-json\/wp\/v2\/posts"}],"about":[{"href":"http:\/\/desarrollo.grupomedios.com\/futbol\/wp-json\/wp\/v2\/types\/post"}],"author":[{"embeddable":true,"href":"http:\/\/desarrollo.grupomedios.com\/futbol\/wp-json\/wp\/v2\/users\/20"}],"replies":[{"embeddable":true,"href":"http:\/\/desarrollo.grupomedios.com\/futbol\/wp-json\/wp\/v2\/comments?post=323435"}],"version-history":[{"count":0,"href":"http:\/\/desarrollo.grupomedios.com\/futbol\/wp-json\/wp\/v2\/posts\/323435\/revisions"}],"wp:featuredmedia":[{"embeddable":true,"href":"http:\/\/desarrollo.grupomedios.com\/futbol\/wp-json\/wp\/v2\/media\/323436"}],"wp:attachment":[{"href":"http:\/\/desarrollo.grupomedios.com\/futbol\/wp-json\/wp\/v2\/media?parent=323435"}],"wp:term":[{"taxonomy":"category","embeddable":true,"href":"http:\/\/desarrollo.grupomedios.com\/futbol\/wp-json\/wp\/v2\/categories?post=323435"},{"taxonomy":"post_tag","embeddable":true,"href":"http:\/\/desarrollo.grupomedios.com\/futbol\/wp-json\/wp\/v2\/tags?post=323435"}],"curies":[{"name":"wp","href":"https:\/\/api.w.org\/{rel}","templated":true}]}}