{"id":323439,"date":"2015-10-15T11:05:39","date_gmt":"2015-10-15T16:05:39","guid":{"rendered":"http:\/\/futboltotal.com.mx\/?p=323439"},"modified":"2015-10-15T19:22:57","modified_gmt":"2015-10-16T00:22:57","slug":"angelica-fuentes-retomara-direccion-de-chivas","status":"publish","type":"post","link":"http:\/\/desarrollo.grupomedios.com\/futbol\/futbol-mexicano\/angelica-fuentes-retomara-direccion-de-chivas\/2015\/10","title":{"rendered":"Ang\u00e9lica Fuentes retomar\u00e1 direcci\u00f3n de Chivas"},"content":{"rendered":"<p><strong>Ang\u00e9lica Fuentes<\/strong> podr\u00eda retomar su cargo en la administraci\u00f3n de <strong>Chivas<\/strong> este viernes, toda vez que habr\u00eda pagado la suma de un mill\u00f3n de pesos que le solicit\u00f3 el Cuarto Tribunal Colegiado de Jalisco para recuperar el poder &#8220;plenipotenciario&#8221; sobre el <em>Reba\u00f1o<\/em>.<\/p>\n<p>La acaudalada empresaria realiz\u00f3 el pago durante la noche de este mi\u00e9rcoles y el Juez Sexto de Distrito de Jalisco habr\u00eda emitido un fallo en su favor, con el cual Fuentes quedar\u00eda como Directora General de Grupo Chivas, tal y como se estipul\u00f3 en la asamablea del pasado 2 de febrero.<\/p>\n<p style=\"text-align: center;\"><span style=\"color: #3366ff;\"><strong><a style=\"color: #3366ff;\" href=\"http:\/\/futboltotal.com.mx\/?s=Chivas\">LEER M\u00c1S: Todas las noticias de Chivas<\/a><\/strong><\/span><\/p>\n<p>Dicha cantidad fue fijada por el tribunal tapat\u00edo <a href=\"http:\/\/futboltotal.com.mx\/2015\/10\/angelica-fuentes-tomara-las-riendas-de-chivas\/\">a trav\u00e9s de un documento publicado por <em>Grupo Radio F\u00f3rmula<\/em><\/a>, en el que cual se otorg\u00f3 una &#8220;suspensi\u00f3n definitiva&#8221; a Ang\u00e9lica Fuentes, esposa de Jorge Vergara, para retomar sus funciones en <strong>Chivas<\/strong>, siempre y cuando pagara un mill\u00f3n de pesos.<\/p>\n<p>Cabe destacar que Javeri Coello, abogado del propietario de <strong>Chivas<\/strong>, Jorge Vergara, descart\u00f3 este mi\u00e9rcoles toda posibilidad para que<strong> Ang\u00e9lica Fuentes<\/strong> pudiera retomar alg\u00fan tipo de cargo o funci\u00f3n con los <em>Rojiblancos, <\/em>toda vez que tiene una denuncia en la que se le acusa del desviado de fondos por 72 millones de d\u00f3lares, as\u00ed como una orden de aprehensi\u00f3n girada en contra.<\/p>\n","protected":false},"excerpt":{"rendered":"<p>La empresar\u00eda habr\u00eda pagado el mill\u00f3n de pesos solicitado por el Cuarto Tribunal <\/p>\n","protected":false},"author":20,"featured_media":323440,"comment_status":"open","ping_status":"open","sticky":false,"template":"","format":"standard","meta":[],"categories":[2198,3845,5950],"tags":[2314,70],"_links":{"self":[{"href":"http:\/\/desarrollo.grupomedios.com\/futbol\/wp-json\/wp\/v2\/posts\/323439"}],"collection":[{"href":"http:\/\/desarrollo.grupomedios.com\/futbol\/wp-json\/wp\/v2\/posts"}],"about":[{"href":"http:\/\/desarrollo.grupomedios.com\/futbol\/wp-json\/wp\/v2\/types\/post"}],"author":[{"embeddable":true,"href":"http:\/\/desarrollo.grupomedios.com\/futbol\/wp-json\/wp\/v2\/users\/20"}],"replies":[{"embeddable":true,"href":"http:\/\/desarrollo.grupomedios.com\/futbol\/wp-json\/wp\/v2\/comments?post=323439"}],"version-history":[{"count":0,"href":"http:\/\/desarrollo.grupomedios.com\/futbol\/wp-json\/wp\/v2\/posts\/323439\/revisions"}],"wp:featuredmedia":[{"embeddable":true,"href":"http:\/\/desarrollo.grupomedios.com\/futbol\/wp-json\/wp\/v2\/media\/323440"}],"wp:attachment":[{"href":"http:\/\/desarrollo.grupomedios.com\/futbol\/wp-json\/wp\/v2\/media?parent=323439"}],"wp:term":[{"taxonomy":"category","embeddable":true,"href":"http:\/\/desarrollo.grupomedios.com\/futbol\/wp-json\/wp\/v2\/categories?post=323439"},{"taxonomy":"post_tag","embeddable":true,"href":"http:\/\/desarrollo.grupomedios.com\/futbol\/wp-json\/wp\/v2\/tags?post=323439"}],"curies":[{"name":"wp","href":"https:\/\/api.w.org\/{rel}","templated":true}]}}