{"id":323485,"date":"2015-10-15T13:30:07","date_gmt":"2015-10-15T18:30:07","guid":{"rendered":"http:\/\/futboltotal.com.mx\/?p=323485"},"modified":"2015-10-15T13:32:23","modified_gmt":"2015-10-15T18:32:23","slug":"definen-horarios-del-gran-premio-de-mexico","status":"publish","type":"post","link":"http:\/\/desarrollo.grupomedios.com\/futbol\/no-todo-es-futbol\/definen-horarios-del-gran-premio-de-mexico\/2015\/10","title":{"rendered":"Definen horarios del Gran Premio de M\u00e9xico"},"content":{"rendered":"<p>El <strong>Gran Premio de M\u00e9xico<\/strong> est\u00e1 cada vez m\u00e1s cerca, y ahora, los fan\u00e1ticos de la F\u00f3rmula 1 en el pa\u00eds ya podr\u00e1n agendar su asistencia al Aut\u00f3dromo Hermanos Rodr\u00edguez, ya que se han dado a conocer los <strong>horarios<\/strong> de las pr\u00e1cticas, la clasificaci\u00f3n y la carrera final.<\/p>\n<p>Sera del 30 de octubre al 1 de noviembre cuando los monoplazas pisen el asfalto del complejo de la Ciudad Deportiva de la Magdalena Mixiuhca; donde desarrollaran sus pr\u00e1cticas 1 y 2, el 30 de octubre, a las 10:00 y 14:00 horas, mientras que el s\u00e1bado se realizar\u00e1 la pr\u00e1ctica 3 y la clasificaci\u00f3n, a las 10:00 y 13:00 horas.<\/p>\n<p>El domingo 1 de noviembre es cuando se efectuar\u00e1 el <strong>Gran Premio de M\u00e9xico<\/strong>, la cual empezar\u00e1 en punto de las 13:00 horas.<\/p>\n<blockquote class=\"twitter-tweet\" width=\"500\">\n<p lang=\"es\" dir=\"ltr\">\u00c9ste es el horario en el que la FORMULA 1 robar\u00e1 toda la atenci\u00f3n.&#10;\u00a1Organiza tu <a href=\"https:\/\/twitter.com\/hashtag\/F1Fiesta?src=hash\">#F1Fiesta<\/a> para el <a href=\"https:\/\/twitter.com\/hashtag\/MexicoGP?src=hash\">#MexicoGP<\/a> 2015! <a href=\"http:\/\/t.co\/QlX6GCjtOq\">pic.twitter.com\/QlX6GCjtOq<\/a><\/p>\n<p>&mdash; Aut\u00f3dromo HR (@autodromohr) <a href=\"https:\/\/twitter.com\/autodromohr\/status\/654306964902707201\">October 14, 2015<\/a><\/p><\/blockquote>\n<p><script async src=\"\/\/platform.twitter.com\/widgets.js\" charset=\"utf-8\"><\/script><\/p>\n<p>Ser\u00e1 en este campeonato donde, si algo extraordinario lleg\u00e1se a pasar en el GP de Austin, el brit\u00e1nico Lewis Hamilton podr\u00eda coronarse como Campe\u00f3n de la Temporada 2015, consiguiendo as\u00ed su bicampeonato, y su tercer t\u00edtulo en la <em>categor\u00eda reina del automovilismo<\/em>.<\/p>\n<p>Adem\u00e1s, habr\u00e1 la expectaci\u00f3n de ver al corredor de Force India, Sergio P\u00e9rez, \u00fanico mexicano piloto en la F1 actualmente, y quien viene de un tercer sitio en el GP de Sochi, en Rusia.<\/p>\n<p style=\"text-align: center;\"><strong><span style=\"color: #3366ff;\"><a style=\"color: #3366ff;\" href=\"http:\/\/futboltotal.com.mx\/2015\/10\/reinauguran-autodromo-hermanos-rodriguez\/\">LEER M\u00c1S: Revive la Reinauguracion del AHR<\/a><\/span><\/strong><\/p>\n<p>Desde el <strong>Gran Premio de M\u00e9xico<\/strong>, en 1992, el Aut\u00f3dromo no hab\u00eda recibido una competencia de la Formula 1; esta ser\u00e1 la 16ta presencia del campeonato en el pa\u00eds.<\/p>\n","protected":false},"excerpt":{"rendered":"<p>La fecha 17 de la categor\u00eda reina se correr\u00e1 en domingo<\/p>\n","protected":false},"author":20,"featured_media":323488,"comment_status":"open","ping_status":"open","sticky":false,"template":"","format":"standard","meta":[],"categories":[5810,5418],"tags":[6303,5493,6302],"_links":{"self":[{"href":"http:\/\/desarrollo.grupomedios.com\/futbol\/wp-json\/wp\/v2\/posts\/323485"}],"collection":[{"href":"http:\/\/desarrollo.grupomedios.com\/futbol\/wp-json\/wp\/v2\/posts"}],"about":[{"href":"http:\/\/desarrollo.grupomedios.com\/futbol\/wp-json\/wp\/v2\/types\/post"}],"author":[{"embeddable":true,"href":"http:\/\/desarrollo.grupomedios.com\/futbol\/wp-json\/wp\/v2\/users\/20"}],"replies":[{"embeddable":true,"href":"http:\/\/desarrollo.grupomedios.com\/futbol\/wp-json\/wp\/v2\/comments?post=323485"}],"version-history":[{"count":0,"href":"http:\/\/desarrollo.grupomedios.com\/futbol\/wp-json\/wp\/v2\/posts\/323485\/revisions"}],"wp:featuredmedia":[{"embeddable":true,"href":"http:\/\/desarrollo.grupomedios.com\/futbol\/wp-json\/wp\/v2\/media\/323488"}],"wp:attachment":[{"href":"http:\/\/desarrollo.grupomedios.com\/futbol\/wp-json\/wp\/v2\/media?parent=323485"}],"wp:term":[{"taxonomy":"category","embeddable":true,"href":"http:\/\/desarrollo.grupomedios.com\/futbol\/wp-json\/wp\/v2\/categories?post=323485"},{"taxonomy":"post_tag","embeddable":true,"href":"http:\/\/desarrollo.grupomedios.com\/futbol\/wp-json\/wp\/v2\/tags?post=323485"}],"curies":[{"name":"wp","href":"https:\/\/api.w.org\/{rel}","templated":true}]}}