{"id":323516,"date":"2015-10-15T19:33:29","date_gmt":"2015-10-16T00:33:29","guid":{"rendered":"http:\/\/futboltotal.com.mx\/?p=323516"},"modified":"2015-10-15T19:33:29","modified_gmt":"2015-10-16T00:33:29","slug":"los-mejores-goles-de-jorge-campos","status":"publish","type":"post","link":"http:\/\/desarrollo.grupomedios.com\/futbol\/videos\/los-mejores-goles-de-jorge-campos\/2015\/10","title":{"rendered":"Los mejores goles de Jorge Campos"},"content":{"rendered":"<p><strong>Jorge Campos\u00a0<\/strong>cumple 49 a\u00f1os este jueves 15 de agosto. El acapulque\u00f1o fue un arquero de \u00e9poca, que cautiv\u00f3 al mundo del futbol gracias a su desempe\u00f1o bajo los tres palos. Y s\u00ed, tambi\u00e9n por sus grandes goles.<\/p>\n<p>[video_player]https:\/\/player.vimeo.com\/external\/142576798.hd.mp4?s=2bae1adc9e94bb1a59f5990857b5d54b&amp;profile_id=113[\/video_player]<\/p>\n<p>El caso del\u00a0<em>Brody<\/em>\u00a0es especial. \u00c9l\u00a0jugaba dos posiciones: portero y delantero. Este talentoso guardameta no anotaba goles con los guantes puestos, jugaba el primer tiempo como guardameta y el segundo como delantero.\u00a0Aunque su vocaci\u00f3n era estar bajo los tres postes, nunca lo hizo mal al ataque, anot\u00f3 40 goles en su trayectoria, todos con sus clubes, jam\u00e1s particip\u00f3 en el ataque de la\u00a0<a href=\"http:\/\/futboltotal.com.mx\/futbol-mexicano\/seleccion-mexicana\/\"><strong>Selecci\u00f3n Mexicana<\/strong><\/a>.<\/p>\n<p style=\"text-align: center;\"><strong><span style=\"color: #3366ff;\"><a style=\"color: #3366ff;\" href=\"http:\/\/futboltotal.com.mx\/2015\/09\/porteros-goleadores-en-la-historia-del-futbol\/\">LEER M\u00c1S: Guardianes y creadores del gol. Un selecto grupo de porteros goleadores<\/a><\/span><\/strong><\/p>\n","protected":false},"excerpt":{"rendered":"<p>El acapulque\u00f1o fue un arquero de \u00e9poca, que cautiv\u00f3 al mundo del futbol<\/p>\n","protected":false},"author":20,"featured_media":323518,"comment_status":"open","ping_status":"open","sticky":false,"template":"","format":"standard","meta":[],"categories":[2198,4],"tags":[2053],"_links":{"self":[{"href":"http:\/\/desarrollo.grupomedios.com\/futbol\/wp-json\/wp\/v2\/posts\/323516"}],"collection":[{"href":"http:\/\/desarrollo.grupomedios.com\/futbol\/wp-json\/wp\/v2\/posts"}],"about":[{"href":"http:\/\/desarrollo.grupomedios.com\/futbol\/wp-json\/wp\/v2\/types\/post"}],"author":[{"embeddable":true,"href":"http:\/\/desarrollo.grupomedios.com\/futbol\/wp-json\/wp\/v2\/users\/20"}],"replies":[{"embeddable":true,"href":"http:\/\/desarrollo.grupomedios.com\/futbol\/wp-json\/wp\/v2\/comments?post=323516"}],"version-history":[{"count":0,"href":"http:\/\/desarrollo.grupomedios.com\/futbol\/wp-json\/wp\/v2\/posts\/323516\/revisions"}],"wp:featuredmedia":[{"embeddable":true,"href":"http:\/\/desarrollo.grupomedios.com\/futbol\/wp-json\/wp\/v2\/media\/323518"}],"wp:attachment":[{"href":"http:\/\/desarrollo.grupomedios.com\/futbol\/wp-json\/wp\/v2\/media?parent=323516"}],"wp:term":[{"taxonomy":"category","embeddable":true,"href":"http:\/\/desarrollo.grupomedios.com\/futbol\/wp-json\/wp\/v2\/categories?post=323516"},{"taxonomy":"post_tag","embeddable":true,"href":"http:\/\/desarrollo.grupomedios.com\/futbol\/wp-json\/wp\/v2\/tags?post=323516"}],"curies":[{"name":"wp","href":"https:\/\/api.w.org\/{rel}","templated":true}]}}