{"id":323630,"date":"2015-10-16T09:26:46","date_gmt":"2015-10-16T14:26:46","guid":{"rendered":"http:\/\/futboltotal.com.mx\/?p=323630"},"modified":"2015-10-27T13:44:44","modified_gmt":"2015-10-27T18:44:44","slug":"debut-de-memo-ochoa-con-malaga-podria-efectuarse-el-28-de-octubre","status":"publish","type":"post","link":"http:\/\/desarrollo.grupomedios.com\/futbol\/futbol-internacional\/debut-de-memo-ochoa-con-malaga-podria-efectuarse-el-28-de-octubre\/2015\/10","title":{"rendered":"Debut de Memo Ochoa con M\u00e1laga ser\u00eda en Copa del Rey"},"content":{"rendered":"<p>Para <strong>Memo Ochoa<\/strong> su llegada al balompi\u00e9 espa\u00f1ol result\u00f3 en toda\u00a0una pesadilla. Tras brillar en el Mundial el cancerbero <em>azteca<\/em> se asomaba como el guardameta titular para el M\u00e1laga dirigido por Javi Gracia, sin embargo, el entrenador decidi\u00f3 que Carlos Kameni ser\u00eda el elegido para la porter\u00eda de los Boquerones.<\/p>\n<p>El pasado curso, el portero camerun\u00e9s disput\u00f3 los 38 encuentros de la Liga Espa\u00f1ola y solo cedi\u00f3 la porter\u00eda del M\u00e1laga a Memo Ochoa en los encuentros de la Copa del Rey, que otra vez se vislumbra como la \u00fanica posibilidad para el mexicano de sumar minutos. El objetivo es mostrarse y buscar una cambio de aires para el mercado de transferencias de invierno.<\/p>\n<p>Por lo pronto, el debut de <strong>Memo Ochoa<\/strong> con la entidad blanquiazul\u00a0podr\u00eda efectuarse el 2 de diciembre\u00a0como parte de los dieciseisavos de final de la Copa del Rey, instancia en la que el mexicano disput\u00f3 sus \u00fanicos 540 minutos con el club donde acumul\u00f3 seis partidos. El rival, Mirand\u00e9s de Segunda Divisi\u00f3n.<\/p>\n<p>Los partidos de esta fase de Copa del Rey se jugar\u00e1n el 2 y el 16 de diciembre a excepci\u00f3n del emparejamiento del Barcelona, cuyas fechas ser\u00e1n 28 de octubre y 2 de diciembre. Los octavos se sortear\u00e1n el 18 de diciembre.<\/p>\n<p><a href=\"http:\/\/futboltotal.com.mx\/wp-content\/uploads\/2015\/10\/Partidos-de-Copa-del-Rey.jpg\"><img decoding=\"async\" loading=\"lazy\" class=\"alignnone size-full wp-image-323639\" src=\"http:\/\/futboltotal.com.mx\/wp-content\/uploads\/2015\/10\/Partidos-de-Copa-del-Rey.jpg\" alt=\"Partidos de Copa del Rey\" srcset=\"http:\/\/desarrollo.grupomedios.com\/futbol\/wp-content\/uploads\/2015\/10\/Partidos-de-Copa-del-Rey.jpg 593w, http:\/\/desarrollo.grupomedios.com\/futbol\/wp-content\/uploads\/2015\/10\/Partidos-de-Copa-del-Rey-295x300.jpg 295w\" sizes=\"(max-width: 593px) 100vw, 593px\" \/><\/a><\/p>\n<p><span style=\"color: #3366ff;\"><strong><a style=\"color: #3366ff;\" href=\"http:\/\/futboltotal.com.mx\/?s=memo+ochoa\">LEER M\u00c1S: Todas las noticias de Guillermo Ochoa.<\/a><\/strong><\/span><\/p>\n","protected":false},"excerpt":{"rendered":"<p>El mexicano tiene una oportunidad \u00fanica en menos de dos semanas para este curso <\/p>\n","protected":false},"author":20,"featured_media":323642,"comment_status":"open","ping_status":"open","sticky":false,"template":"","format":"standard","meta":[],"categories":[3839,5951],"tags":[96,5991,306,679],"_links":{"self":[{"href":"http:\/\/desarrollo.grupomedios.com\/futbol\/wp-json\/wp\/v2\/posts\/323630"}],"collection":[{"href":"http:\/\/desarrollo.grupomedios.com\/futbol\/wp-json\/wp\/v2\/posts"}],"about":[{"href":"http:\/\/desarrollo.grupomedios.com\/futbol\/wp-json\/wp\/v2\/types\/post"}],"author":[{"embeddable":true,"href":"http:\/\/desarrollo.grupomedios.com\/futbol\/wp-json\/wp\/v2\/users\/20"}],"replies":[{"embeddable":true,"href":"http:\/\/desarrollo.grupomedios.com\/futbol\/wp-json\/wp\/v2\/comments?post=323630"}],"version-history":[{"count":0,"href":"http:\/\/desarrollo.grupomedios.com\/futbol\/wp-json\/wp\/v2\/posts\/323630\/revisions"}],"wp:featuredmedia":[{"embeddable":true,"href":"http:\/\/desarrollo.grupomedios.com\/futbol\/wp-json\/wp\/v2\/media\/323642"}],"wp:attachment":[{"href":"http:\/\/desarrollo.grupomedios.com\/futbol\/wp-json\/wp\/v2\/media?parent=323630"}],"wp:term":[{"taxonomy":"category","embeddable":true,"href":"http:\/\/desarrollo.grupomedios.com\/futbol\/wp-json\/wp\/v2\/categories?post=323630"},{"taxonomy":"post_tag","embeddable":true,"href":"http:\/\/desarrollo.grupomedios.com\/futbol\/wp-json\/wp\/v2\/tags?post=323630"}],"curies":[{"name":"wp","href":"https:\/\/api.w.org\/{rel}","templated":true}]}}