{"id":323679,"date":"2015-10-16T11:32:30","date_gmt":"2015-10-16T16:32:30","guid":{"rendered":"http:\/\/futboltotal.com.mx\/?p=323679"},"modified":"2015-10-16T11:32:30","modified_gmt":"2015-10-16T16:32:30","slug":"barcelona-recupera-a-sus-lesionados","status":"publish","type":"post","link":"http:\/\/desarrollo.grupomedios.com\/futbol\/futbol-internacional\/barcelona-recupera-a-sus-lesionados\/2015\/10","title":{"rendered":"Barcelona recupera a sus lesionados"},"content":{"rendered":"<p>Una luz al final del t\u00fanel se ve para el <strong>Barcelona<\/strong>, quien este fin de semana ya podr\u00eda contar con al menos algunos de sus jugadores que se encontraban lesionados; se trata de Thomas <strong>Vermaelen<\/strong>, Luis <strong>Su\u00e1rez<\/strong> y <strong>Adriano<\/strong>.<\/p>\n<p>El entrenador de los blaugranas, Luis Enrique, indic\u00f3 en conferencia de prensa, que el belga recibir\u00eda el alta m\u00e9dica el s\u00e1bado por la ma\u00f1ana, ya que se encuentra recuperado de su lesi\u00f3n muscular en el s\u00f3leo de la pierna izquierda, por lo que podr\u00eda formar parte de la lista final de los elementos que enfrentar\u00edan al Rayo Vallecano el mismo d\u00eda.<\/p>\n<p style=\"text-align: center;\"><strong><span style=\"color: #3366ff;\"><a style=\"color: #3366ff;\" href=\"http:\/\/futboltotal.com.mx\/?s=barcelona\">LEER M\u00c1S: Toda la informaci\u00f3n del Barcelona<\/a><\/span><\/strong><\/p>\n<p>De igual forma, confirm\u00f3 que el uruguayo y el brasile\u00f1o tambi\u00e9n formar\u00edan parte de la lista final, ya que se encuentran recuperados de sus respectivas dolencias; por lo que solo esperar\u00edan las recuperaciones de sus dos pilares, Andr\u00e9s Iniesta, fuera por al menos tres semanas, y Lionel Messi, fuera por mes y medio.<\/p>\n<p>A pesar de que se encuentra dentro de los primeros lugares de la Liga, el <strong>Barcelona<\/strong> no ha podido encontrar la regularidad en su plantilla, lo que lo tiene por debajo del Celta de Vigo, el Real Madrid y el Villarreal; adem\u00e1s de que tambi\u00e9n sufre por la sanci\u00f3n impuesta por la FIFA, la que no le permite realizar, o contar con sus actuales fichajes.<\/p>\n","protected":false},"excerpt":{"rendered":"<p>Vermaelen, Adriano y Su\u00e1rez estar\u00edan a las \u00f3rdenes de Luis Enrique<\/p>\n","protected":false},"author":20,"featured_media":323680,"comment_status":"open","ping_status":"open","sticky":false,"template":"","format":"standard","meta":[],"categories":[3839],"tags":[2097,5984,6016,6305],"_links":{"self":[{"href":"http:\/\/desarrollo.grupomedios.com\/futbol\/wp-json\/wp\/v2\/posts\/323679"}],"collection":[{"href":"http:\/\/desarrollo.grupomedios.com\/futbol\/wp-json\/wp\/v2\/posts"}],"about":[{"href":"http:\/\/desarrollo.grupomedios.com\/futbol\/wp-json\/wp\/v2\/types\/post"}],"author":[{"embeddable":true,"href":"http:\/\/desarrollo.grupomedios.com\/futbol\/wp-json\/wp\/v2\/users\/20"}],"replies":[{"embeddable":true,"href":"http:\/\/desarrollo.grupomedios.com\/futbol\/wp-json\/wp\/v2\/comments?post=323679"}],"version-history":[{"count":0,"href":"http:\/\/desarrollo.grupomedios.com\/futbol\/wp-json\/wp\/v2\/posts\/323679\/revisions"}],"wp:featuredmedia":[{"embeddable":true,"href":"http:\/\/desarrollo.grupomedios.com\/futbol\/wp-json\/wp\/v2\/media\/323680"}],"wp:attachment":[{"href":"http:\/\/desarrollo.grupomedios.com\/futbol\/wp-json\/wp\/v2\/media?parent=323679"}],"wp:term":[{"taxonomy":"category","embeddable":true,"href":"http:\/\/desarrollo.grupomedios.com\/futbol\/wp-json\/wp\/v2\/categories?post=323679"},{"taxonomy":"post_tag","embeddable":true,"href":"http:\/\/desarrollo.grupomedios.com\/futbol\/wp-json\/wp\/v2\/tags?post=323679"}],"curies":[{"name":"wp","href":"https:\/\/api.w.org\/{rel}","templated":true}]}}