{"id":323685,"date":"2015-10-16T12:13:15","date_gmt":"2015-10-16T17:13:15","guid":{"rendered":"http:\/\/futboltotal.com.mx\/?p=323685"},"modified":"2015-10-16T12:31:08","modified_gmt":"2015-10-16T17:31:08","slug":"rafa-benitez-abre-las-puertas-a-raul","status":"publish","type":"post","link":"http:\/\/desarrollo.grupomedios.com\/futbol\/futbol-internacional\/rafa-benitez-abre-las-puertas-a-raul\/2015\/10","title":{"rendered":"Rafa Ben\u00edtez abre las puertas a Ra\u00fal"},"content":{"rendered":"<p>El futuro retiro de <strong>Ra\u00fal<\/strong> <strong>Gonz\u00e1lez<\/strong> de las canchas ya retumbo en las paredes del Real Madrid, y <strong>Rafa Ben\u00edtez,<\/strong> actual entrenador de los <em>merengues<\/em> no se quiso quedar fuera de los elogios hacia el hist\u00f3rico delantero de la <em>Casa Blanca<\/em>.<\/p>\n<p>En conferencia de prensa, previo al inicio de la Liga espa\u00f1ola, Ben\u00edtez comenz\u00f3 mandando un mensaje al ex \u201c7\u201d del club blanco, dese\u00e1ndole mucha suerte en esta nueva etapa que est\u00e1 por iniciar, \u201cMando un cordial saludo a <strong>Ra\u00fal<\/strong>. Se retira y le deseo lo mejor. Tengo buena relaci\u00f3n con \u00e9l. Que el futuro le traiga \u00e9xitos como los que tuvo de futbolista\u201d.<\/p>\n<p>El ex entrenador del Liverpool y N\u00e1poli dejo entrever que las capacidades del ex internacional con Espa\u00f1a no solo podr\u00edan quedar demostradas dentro del campo de juego, sino tambi\u00e9n en el banquillo; dejando ver que podr\u00eda formar parte de su equipo de trabajo alg\u00fan d\u00eda.<\/p>\n<p style=\"text-align: center;\"><strong><span style=\"color: #3366ff;\"><a style=\"color: #3366ff;\" href=\"http:\/\/futboltotal.com.mx\/2015\/10\/raul-gonzalez-anuncia-su-retiro\/\">LEER M\u00c1S: Ra\u00fal Gonz\u00e1lez anuncia su retiro<\/a><\/span><\/strong><\/p>\n<p>\u201cEs inteligente y tiene mucha capacidad para analizar lo que ocurre en el campo y fuera. Ser\u00e1 \u00e9l el que decida pero en lo que elija le ira bien. Todo lo que pueda decir de \u00e9l ser\u00e1 positivo. Lo que \u00e9l vaya a hacer depender\u00e1 de \u00e9l. Tengo un equipo de trabajo con el que trabajo ahora y el futuro nunca se sabe\u201d.<\/p>\n<p>Por \u00faltimo, <strong>Rafa Ben\u00edtez<\/strong> tambi\u00e9n se refiri\u00f3 a <strong>Ra\u00fal<\/strong>, como un elemento que hubiera sido titular en cualquier equipo del mundo, gracias a su enorme calidad.<\/p>\n<p>\u201cTendr\u00eda sitio en cualquier equipo del mundo. Es una leyenda. Si claro. Es un fen\u00f3meno y el mejor Ra\u00fal jugar\u00eda en cualquier equipo\u201d, finaliz\u00f3.<\/p>\n","protected":false},"excerpt":{"rendered":"<p>El entrenador del Real Madrid le desea \u00e9xito al m\u00edtico delantero<\/p>\n","protected":false},"author":20,"featured_media":298201,"comment_status":"open","ping_status":"open","sticky":false,"template":"","format":"standard","meta":[],"categories":[3839],"tags":[1760,2492,5988],"_links":{"self":[{"href":"http:\/\/desarrollo.grupomedios.com\/futbol\/wp-json\/wp\/v2\/posts\/323685"}],"collection":[{"href":"http:\/\/desarrollo.grupomedios.com\/futbol\/wp-json\/wp\/v2\/posts"}],"about":[{"href":"http:\/\/desarrollo.grupomedios.com\/futbol\/wp-json\/wp\/v2\/types\/post"}],"author":[{"embeddable":true,"href":"http:\/\/desarrollo.grupomedios.com\/futbol\/wp-json\/wp\/v2\/users\/20"}],"replies":[{"embeddable":true,"href":"http:\/\/desarrollo.grupomedios.com\/futbol\/wp-json\/wp\/v2\/comments?post=323685"}],"version-history":[{"count":0,"href":"http:\/\/desarrollo.grupomedios.com\/futbol\/wp-json\/wp\/v2\/posts\/323685\/revisions"}],"wp:featuredmedia":[{"embeddable":true,"href":"http:\/\/desarrollo.grupomedios.com\/futbol\/wp-json\/wp\/v2\/media\/298201"}],"wp:attachment":[{"href":"http:\/\/desarrollo.grupomedios.com\/futbol\/wp-json\/wp\/v2\/media?parent=323685"}],"wp:term":[{"taxonomy":"category","embeddable":true,"href":"http:\/\/desarrollo.grupomedios.com\/futbol\/wp-json\/wp\/v2\/categories?post=323685"},{"taxonomy":"post_tag","embeddable":true,"href":"http:\/\/desarrollo.grupomedios.com\/futbol\/wp-json\/wp\/v2\/tags?post=323685"}],"curies":[{"name":"wp","href":"https:\/\/api.w.org\/{rel}","templated":true}]}}