{"id":323695,"date":"2015-10-16T13:11:58","date_gmt":"2015-10-16T18:11:58","guid":{"rendered":"http:\/\/futboltotal.com.mx\/?p=323695"},"modified":"2015-10-17T15:35:16","modified_gmt":"2015-10-17T20:35:16","slug":"10-cosas-que-han-ocurrido-desde-que-memo-ochoa-no-es-titular","status":"publish","type":"post","link":"http:\/\/desarrollo.grupomedios.com\/futbol\/futbol-internacional\/10-cosas-que-han-ocurrido-desde-que-memo-ochoa-no-es-titular\/2015\/10","title":{"rendered":"10 cosas suscitadas en suplencia de Memo Ochoa"},"content":{"rendered":"<p>517 d\u00edas han pasado sin que <strong>Memo Ochoa<\/strong> dispute un encuentro como titular en liga. Tras su fant\u00e1stico Mundial, las puertas del balompi\u00e9 espa\u00f1ol se abrieron para \u00e9l, aunque de manera ir\u00f3nica, se cerraron en lo referente a la titularidad, en una batalla ganada por Carlos Kameni, que tras el arribo del mexicano ha sido el estelar en 45 encuentros, dejando para el exportero del Am\u00e9rica solo los duelos de Copa del Rey (6).<\/p>\n<p>En menos de dos semanas Memo Ochoa <a href=\"http:\/\/futboltotal.com.mx\/2015\/10\/debut-de-memo-ochoa-con-malaga-podria-efectuarse-el-28-de-octubre\/\">podr\u00eda tener minutos de nuevo como arquero del M\u00e1laga<\/a>, pues con el calendario de la Copa del Rey definido, se abre una oportunidad para el pr\u00f3ximo 28 de octubre.<\/p>\n<p>Pero la noticia sin lugar a dudas es que Guillermo lleg\u00f3 para ser titular y convertirse en figura de los Boquerones, cosa que ha quedado m\u00e1s que alejada de la realidad, inclusive, algunos futbolistas que ten\u00edan un panorama oscuro u otros que contaban con actuaciones regulares, se han erigido como piezas indispensables para sus equipos, figuras en el mayor de los casos. Mientras tanto, Memo Ochoa sigue acumulando d\u00edas en su cruel pesadilla. 517 d\u00edas y contando.<\/p>\n<p><strong>10 cosas que han ocurrido desde que Memo Ochoa no es titular:<\/strong><\/p>\n<ul>\n<li>Chicharito jug\u00f3 para tres equipos en diferentes pa\u00edses y en todos fue titular en liga: Manchester United, Real Madrid y Bayer Leverkusen.<\/li>\n<li>Miguel Lay\u00fan debut\u00f3 en Premier League, Liga NOS y Champions League.<\/li>\n<li>Tecatito Corona se ha erigido como el mejor goleador en el extranjero con 13 goles. 9 con Twente y 4 con el Porto.<\/li>\n<li>Miguel Herrera, Ricardo Ferretti y Juan Carlos Osorio han pasado por el banquillo de la Selecci\u00f3n Mexicana.<\/li>\n<li>Am\u00e9rica fue campe\u00f3n en par de ocasiones: Apertura 2014 y Concachampions 2014-2015.<\/li>\n<li>Alan Pulido era feliz en Tigres. Busc\u00f3 un cambio, jug\u00f3 para Leviadakos y ahora comenz\u00f3 una novela entre Olimpiacos y Tigres por sus derechos.<\/li>\n<li>Ra\u00fal Gudi\u00f1o pertenec\u00eda a la Tercera Divisi\u00f3n de Chivas, ahora entrena con la primera plantilla del Porto, al lado de Iker Casillas.<\/li>\n<li>Andr\u00e9s Guardado jugaba para el Leverkusen. El PSV lo busc\u00f3, acept\u00f3 la oferta, logr\u00f3 su primer campeonato liguero y es la estrella de la entidad de Eindhoven.<\/li>\n<li>Diego Reyes acumulaba minutos en el segundo equipo del Porto, pas\u00f3 a la Real Sociedad y ahora es el \u00fanico mexicano que cuenta con todos los minutos posibles de participaci\u00f3n en el <em>Viejo Continente<\/em>.<\/li>\n<li>Giovani dos Santos se cans\u00f3 de jugar en la Liga Espa\u00f1ola y decidi\u00f3 hacerse figura en el Galaxy de Los \u00c1ngeles. Se reencontr\u00f3 con Robbie Keane y se hizo amigo de Steven Gerrard.<\/li>\n<\/ul>\n<p style=\"text-align: center;\"><a href=\"http:\/\/futboltotal.com.mx\/?s=memo+ochoa\"><strong><span style=\"color: #3366ff;\">LEER M\u00c1S. Todas las noticias de Memo\u00a0Ochoa<\/span><\/strong><\/a><\/p>\n","protected":false},"excerpt":{"rendered":"<p>El portero mexicano podr\u00eda contar con minutos pr\u00f3ximamente con el M\u00e1laga <\/p>\n","protected":false},"author":20,"featured_media":323703,"comment_status":"open","ping_status":"open","sticky":false,"template":"","format":"standard","meta":[],"categories":[3839,5951],"tags":[120,5991,306,679],"_links":{"self":[{"href":"http:\/\/desarrollo.grupomedios.com\/futbol\/wp-json\/wp\/v2\/posts\/323695"}],"collection":[{"href":"http:\/\/desarrollo.grupomedios.com\/futbol\/wp-json\/wp\/v2\/posts"}],"about":[{"href":"http:\/\/desarrollo.grupomedios.com\/futbol\/wp-json\/wp\/v2\/types\/post"}],"author":[{"embeddable":true,"href":"http:\/\/desarrollo.grupomedios.com\/futbol\/wp-json\/wp\/v2\/users\/20"}],"replies":[{"embeddable":true,"href":"http:\/\/desarrollo.grupomedios.com\/futbol\/wp-json\/wp\/v2\/comments?post=323695"}],"version-history":[{"count":0,"href":"http:\/\/desarrollo.grupomedios.com\/futbol\/wp-json\/wp\/v2\/posts\/323695\/revisions"}],"wp:featuredmedia":[{"embeddable":true,"href":"http:\/\/desarrollo.grupomedios.com\/futbol\/wp-json\/wp\/v2\/media\/323703"}],"wp:attachment":[{"href":"http:\/\/desarrollo.grupomedios.com\/futbol\/wp-json\/wp\/v2\/media?parent=323695"}],"wp:term":[{"taxonomy":"category","embeddable":true,"href":"http:\/\/desarrollo.grupomedios.com\/futbol\/wp-json\/wp\/v2\/categories?post=323695"},{"taxonomy":"post_tag","embeddable":true,"href":"http:\/\/desarrollo.grupomedios.com\/futbol\/wp-json\/wp\/v2\/tags?post=323695"}],"curies":[{"name":"wp","href":"https:\/\/api.w.org\/{rel}","templated":true}]}}