{"id":323837,"date":"2015-10-16T18:31:30","date_gmt":"2015-10-16T23:31:30","guid":{"rendered":"http:\/\/futboltotal.com.mx\/?p=323837"},"modified":"2015-10-16T18:31:30","modified_gmt":"2015-10-16T23:31:30","slug":"alemania-habria-comprado-sede-del-mundial-del-2006","status":"publish","type":"post","link":"http:\/\/desarrollo.grupomedios.com\/futbol\/futbol-internacional\/alemania-habria-comprado-sede-del-mundial-del-2006\/2015\/10","title":{"rendered":"Alemania habr\u00eda comprado sede del Mundial del 2006"},"content":{"rendered":"<p>Como verdadero efecto domino siguen saliendo a la luz p\u00fablica posibles casos de corrupci\u00f3n en la <strong>FIFA<\/strong>, ahora trasciende que <strong>Alemania<\/strong> habr\u00eda comprado votos para albergar el Mundial de 2006.<\/p>\n<p>La revista teutona <em>Der Spigel<\/em> fue la que destap\u00f3 el caso de soborno que supuestamente ascendi\u00f3 a los seis millones de d\u00f3lares en aquel entonces, mismos que desestim\u00f3 la Federaci\u00f3n Alemana de Futbol y al que consider\u00f3 \u201ctotalmente infundado\u201d.<\/p>\n<p style=\"text-align: center;\"><span style=\"color: #3366ff;\"><strong><a style=\"color: #3366ff;\" href=\"http:\/\/futboltotal.com.mx\/2015\/10\/blatter-y-platini-suspendidos-de-fifa\/\" target=\"_blank\">LEER M\u00c1S: Blatter y Platini, suspendidos por FIFA<\/a><\/strong><\/span><\/p>\n<p>&#8220;Refuta las conclusiones de los autores, realizadas sin ning\u00fan tipo de evidencia, de que los votos fueron comprados de esta manera para conseguir la Copa del Mundo\u201d, se\u00f1al\u00f3 la DFB.<\/p>\n<p>La publicaci\u00f3n alemana menciona que lograron identificar a cuatro representantes asi\u00e1ticos del Comit\u00e9 Ejecutivo de la <strong>FIFA<\/strong>. El texto menciona que el entonces jefe de adidas, Robert Louis-Dreyfus, puso a disposici\u00f3n de la candidatura 10.8 MDD, antes de asignar la sede mundialista. Porteriormente el mismo empresario exigi\u00f3 la devoluci\u00f3n de 7.6 MDD.<\/p>\n<p><span style=\"color: #ff0000;\">VIDEO: Mejores goles de la Fecha FIFA<\/span><\/p>\n<p>[video_player]https:\/\/player.vimeo.com\/external\/142200151.sd.mp4?s=68e9e3190d5c4448484a7d1b01e9bc99&amp;profile_id=112[\/video_player]<\/p>\n","protected":false},"excerpt":{"rendered":"<p>La FIFA investigar\u00e1 el supuesto caso de corrupci\u00f3n <\/p>\n","protected":false},"author":20,"featured_media":323838,"comment_status":"open","ping_status":"open","sticky":false,"template":"","format":"standard","meta":[],"categories":[3839],"tags":[1097,361],"_links":{"self":[{"href":"http:\/\/desarrollo.grupomedios.com\/futbol\/wp-json\/wp\/v2\/posts\/323837"}],"collection":[{"href":"http:\/\/desarrollo.grupomedios.com\/futbol\/wp-json\/wp\/v2\/posts"}],"about":[{"href":"http:\/\/desarrollo.grupomedios.com\/futbol\/wp-json\/wp\/v2\/types\/post"}],"author":[{"embeddable":true,"href":"http:\/\/desarrollo.grupomedios.com\/futbol\/wp-json\/wp\/v2\/users\/20"}],"replies":[{"embeddable":true,"href":"http:\/\/desarrollo.grupomedios.com\/futbol\/wp-json\/wp\/v2\/comments?post=323837"}],"version-history":[{"count":0,"href":"http:\/\/desarrollo.grupomedios.com\/futbol\/wp-json\/wp\/v2\/posts\/323837\/revisions"}],"wp:featuredmedia":[{"embeddable":true,"href":"http:\/\/desarrollo.grupomedios.com\/futbol\/wp-json\/wp\/v2\/media\/323838"}],"wp:attachment":[{"href":"http:\/\/desarrollo.grupomedios.com\/futbol\/wp-json\/wp\/v2\/media?parent=323837"}],"wp:term":[{"taxonomy":"category","embeddable":true,"href":"http:\/\/desarrollo.grupomedios.com\/futbol\/wp-json\/wp\/v2\/categories?post=323837"},{"taxonomy":"post_tag","embeddable":true,"href":"http:\/\/desarrollo.grupomedios.com\/futbol\/wp-json\/wp\/v2\/tags?post=323837"}],"curies":[{"name":"wp","href":"https:\/\/api.w.org\/{rel}","templated":true}]}}