{"id":324117,"date":"2015-10-17T14:02:55","date_gmt":"2015-10-17T19:02:55","guid":{"rendered":"http:\/\/futboltotal.com.mx\/?p=324117"},"modified":"2015-10-17T14:29:22","modified_gmt":"2015-10-17T19:29:22","slug":"si-regreso-a-jugar-a-mexico-sera-a-gallos-ronaldinho","status":"publish","type":"post","link":"http:\/\/desarrollo.grupomedios.com\/futbol\/futbol-mexicano\/si-regreso-a-jugar-a-mexico-sera-a-gallos-ronaldinho\/2015\/10","title":{"rendered":"\u201cSi regreso a jugar a M\u00e9xico, ser\u00e1 a Gallos\u201d: Ronaldinho"},"content":{"rendered":"<p><strong>Ronaldinho<\/strong> regres\u00f3 a <strong>M\u00e9xico<\/strong>. Sin embargo, en esta oportunidad la presencia del brasile\u00f1o no fue para realizar magia sobre la cancha, sino para realizar un acto publicitario, donde destac\u00f3 que si alg\u00fan d\u00eda regresa a la Liga MX ser\u00eda para volverse a enfundar la camiseta de los <em>Gallos Bancos<\/em> del <strong>Quer\u00e9taro<\/strong>.<\/p>\n<p>&#8220;Si regreso a jugar ac\u00e1, ser\u00e1 a <em>Gallos<\/em>. Me gustar\u00eda regresar <strong>Mexico<\/strong>, toda la gente me trat\u00f3 con mucho cari\u00f1o. Ayer, cuando llegu\u00e9 aqu\u00ed, toda la gente me recibi\u00f3 muy bonito, parec\u00eda que todav\u00eda jugaba en <strong>M\u00e9xico<\/strong>&#8220;, asegur\u00f3.<\/p>\n<p>No obstante, ante la posibilidad de jugar en un club grande del futbol mexicano, como Am\u00e9rica o Chivas, <strong>Ronaldinho<\/strong> prefiri\u00f3 no cerrar la puerta.<\/p>\n<p>Parte de la din\u00e1mica del acto publicitario consisti\u00f3 en responder las singulares preguntas de los ni\u00f1os, quienes no tuvieron empacho en cuestionarle su \u201cabandon\u00f3\u201d de los <em>Gallos Bancos<\/em> del <strong>Quer\u00e9taro<\/strong>.<\/p>\n<p>&#8220;No fue abandono, no salimos campeones y despu\u00e9s decid\u00ed ir a mi pa\u00eds y pelear por un t\u00edtulo, el cual todav\u00eda no he obtenido&#8221;, respondi\u00f3\u00a0<strong>Ronaldinho<\/strong>.<\/p>\n<p>Adem\u00e1s, el ex jugador del Barcelona dej\u00f3 en claro que con \u00e9l, los\u00a0<em>Gallos Blancos<\/em> llegaron a una Final, como nunca antes lo hab\u00eda hecho, por lo cual rechaza que su paso en el balompi\u00e9 <em>azteca<\/em> haya sido malo.<\/p>\n<p>&#8220;Para m\u00ed fue un pasaje de maravilla hacer historia en un club que jam\u00e1s hab\u00eda llegado a una Final, entonces ayud\u00e9 a un equipo a llegar a una Final, entonces ya hago parte de la historia de un club y creo que eso es muy importante&#8221;, expres\u00f3 <strong>Ronaldinho<\/strong>.<\/p>\n<p><span style=\"color: #ff0000;\">L\u00e1grimas y risas<\/span> | Los ni\u00f1os tuvieron la oportunidad de expresar su admiraci\u00f3n a <em>Ronnie<\/em>, ah\u00ed una ni\u00f1a llen\u00f3 de elogios al astro brasile\u00f1o hasta soltar en llanto por la emoci\u00f3n, hecho que valor\u00f3 el futbolista, quien respondi\u00f3 con un cordial abrazo.<\/p>\n","protected":false},"excerpt":{"rendered":"<p>No obstante, deja abierta la posibilidad de jugar en un club grande del futbol mexicano<\/p>\n","protected":false},"author":20,"featured_media":324119,"comment_status":"open","ping_status":"open","sticky":false,"template":"","format":"standard","meta":[],"categories":[2198,3845],"tags":[5970,5997],"_links":{"self":[{"href":"http:\/\/desarrollo.grupomedios.com\/futbol\/wp-json\/wp\/v2\/posts\/324117"}],"collection":[{"href":"http:\/\/desarrollo.grupomedios.com\/futbol\/wp-json\/wp\/v2\/posts"}],"about":[{"href":"http:\/\/desarrollo.grupomedios.com\/futbol\/wp-json\/wp\/v2\/types\/post"}],"author":[{"embeddable":true,"href":"http:\/\/desarrollo.grupomedios.com\/futbol\/wp-json\/wp\/v2\/users\/20"}],"replies":[{"embeddable":true,"href":"http:\/\/desarrollo.grupomedios.com\/futbol\/wp-json\/wp\/v2\/comments?post=324117"}],"version-history":[{"count":0,"href":"http:\/\/desarrollo.grupomedios.com\/futbol\/wp-json\/wp\/v2\/posts\/324117\/revisions"}],"wp:featuredmedia":[{"embeddable":true,"href":"http:\/\/desarrollo.grupomedios.com\/futbol\/wp-json\/wp\/v2\/media\/324119"}],"wp:attachment":[{"href":"http:\/\/desarrollo.grupomedios.com\/futbol\/wp-json\/wp\/v2\/media?parent=324117"}],"wp:term":[{"taxonomy":"category","embeddable":true,"href":"http:\/\/desarrollo.grupomedios.com\/futbol\/wp-json\/wp\/v2\/categories?post=324117"},{"taxonomy":"post_tag","embeddable":true,"href":"http:\/\/desarrollo.grupomedios.com\/futbol\/wp-json\/wp\/v2\/tags?post=324117"}],"curies":[{"name":"wp","href":"https:\/\/api.w.org\/{rel}","templated":true}]}}