{"id":324121,"date":"2015-10-17T14:33:51","date_gmt":"2015-10-17T19:33:51","guid":{"rendered":"http:\/\/futboltotal.com.mx\/?p=324121"},"modified":"2015-10-17T17:10:44","modified_gmt":"2015-10-17T22:10:44","slug":"bayern-munich-rompe-un-historico-record-en-bundesliga","status":"publish","type":"post","link":"http:\/\/desarrollo.grupomedios.com\/futbol\/futbol-internacional\/bayern-munich-rompe-un-historico-record-en-bundesliga\/2015\/10","title":{"rendered":"Bayern M\u00fanich rompe hist\u00f3rica marca en Bundesliga"},"content":{"rendered":"<p>El<strong> Bayern M\u00fanich<\/strong> derrot\u00f3 este s\u00e1bado a domicilio por 0-1 al Werder Bremen con lo que firm\u00f3 el mejor comienzo de la historia de la <strong>Bundesliga<\/strong>, con nueve victorias en nueve partidos jugados, aunque lo llamativo es que el resultado se dio no tan abultado como en los duelos anteriores, en los que los festivales de goles se hicieron costumbre.<\/p>\n<p>El polaco Robert Lewandowski no marc\u00f3, finiquitando su extraordinaria marca goleadora no solo con el Bayer M\u00fanich, tambi\u00b4pen con su selecci\u00f3n. El que s\u00ed hizo aparici\u00f3n en el marcador fue Thomas M\u00fcller, otro que suele mecer las redes y que en est\u00e1 ocasi\u00f3n lo realiz\u00f3 con una alta dosis de fortuna.<\/p>\n<p>El partido se plante\u00f3 como se esperaba. Con el Werder Bremen replegado atr\u00e1s y el <strong>Bayern M\u00fanich<\/strong> ten\u00eda el control de la pelota biscando con paciencia alg\u00fan resquicio agujeros en el planteamiento defensivo contrario.<\/p>\n<p>En el minuto 22 el primer gol estuvo a punto de llegar, con un cabezazo de Robert Lewandowski que peg\u00f3 en la red exterior. Dos minutos despu\u00e9s lleg\u00f3 la apertura del marcador, por intermedio de Thomas M\u00fcller asistido por Thiago desde el v\u00e9rtice izquierdo del \u00e1rea. Cont\u00f3 con suerte el 25 b\u00e1varo, que tras extraordinaria asistencia del espa\u00f1ol pifi\u00f3 en principio su remate con derecha, pero le qued\u00f3 a la zurda y choc\u00f3 la redonda para impulsar el gol de la victoria.<\/p>\n<p><iframe loading=\"lazy\" src=\"https:\/\/www.youtube.com\/embed\/tmSf0D-B2fo\" frameborder=\"0\" allowfullscreen=\"allowfullscreen\"><\/iframe><\/p>\n<p>Solo eso bast\u00f3 para romper un r\u00e9cord hist\u00f3rico en el certamen. El equipo de Josep Guardiola no luci\u00f3 con el brillo de otras jornadas y se impuso por la cuenta m\u00ednima para aterrizar en 27 unidades, puntaje perfecto y alej\u00e1ndose repentinamente de todo el pelot\u00f3n. Adem\u00e1s, se convirti\u00f3 en primer equipo en <a href=\"http:\/\/www.bundesliga.com\/en\/news\/Bundesliga\/blmd09n-sv-werder-bremen-0-1-fc-bayern-muenchen-matchday-9-report.jsp\">52 a\u00f1os de Bundesliga en firmar victoria en sus nueve primeros duelos<\/a>.<\/p>\n<p style=\"text-align: center;\"><strong><span style=\"color: #3366ff;\"><a style=\"color: #3366ff;\" href=\"http:\/\/futboltotal.com.mx\/futbol-internacional\/\">LEER M\u00c1S: Todas las noticias del futbol internacional.<\/a><\/span><\/strong><\/p>\n","protected":false},"excerpt":{"rendered":"<p>No importa si no luce su mejor versi\u00f3n, los de Pep Guardiola siempre acechan los hitos <\/p>\n","protected":false},"author":20,"featured_media":324127,"comment_status":"open","ping_status":"open","sticky":false,"template":"","format":"standard","meta":[],"categories":[3839,5951],"tags":[2056,119,1791,5792],"_links":{"self":[{"href":"http:\/\/desarrollo.grupomedios.com\/futbol\/wp-json\/wp\/v2\/posts\/324121"}],"collection":[{"href":"http:\/\/desarrollo.grupomedios.com\/futbol\/wp-json\/wp\/v2\/posts"}],"about":[{"href":"http:\/\/desarrollo.grupomedios.com\/futbol\/wp-json\/wp\/v2\/types\/post"}],"author":[{"embeddable":true,"href":"http:\/\/desarrollo.grupomedios.com\/futbol\/wp-json\/wp\/v2\/users\/20"}],"replies":[{"embeddable":true,"href":"http:\/\/desarrollo.grupomedios.com\/futbol\/wp-json\/wp\/v2\/comments?post=324121"}],"version-history":[{"count":0,"href":"http:\/\/desarrollo.grupomedios.com\/futbol\/wp-json\/wp\/v2\/posts\/324121\/revisions"}],"wp:featuredmedia":[{"embeddable":true,"href":"http:\/\/desarrollo.grupomedios.com\/futbol\/wp-json\/wp\/v2\/media\/324127"}],"wp:attachment":[{"href":"http:\/\/desarrollo.grupomedios.com\/futbol\/wp-json\/wp\/v2\/media?parent=324121"}],"wp:term":[{"taxonomy":"category","embeddable":true,"href":"http:\/\/desarrollo.grupomedios.com\/futbol\/wp-json\/wp\/v2\/categories?post=324121"},{"taxonomy":"post_tag","embeddable":true,"href":"http:\/\/desarrollo.grupomedios.com\/futbol\/wp-json\/wp\/v2\/tags?post=324121"}],"curies":[{"name":"wp","href":"https:\/\/api.w.org\/{rel}","templated":true}]}}