{"id":324136,"date":"2015-10-17T14:57:33","date_gmt":"2015-10-17T19:57:33","guid":{"rendered":"http:\/\/futboltotal.com.mx\/?p=324136"},"modified":"2015-10-17T14:57:33","modified_gmt":"2015-10-17T19:57:33","slug":"alemania-niega-compra-del-mundial-en-2006","status":"publish","type":"post","link":"http:\/\/desarrollo.grupomedios.com\/futbol\/futbol-internacional\/alemania-niega-compra-del-mundial-en-2006\/2015\/10","title":{"rendered":"Alemania niega compra del Mundial en 2006"},"content":{"rendered":"<p>Los organizadores del <strong>Mundial de Alemania 2006<\/strong> negaron la acusaci\u00f3n de que su pa\u00eds obtuviera la sede del torneo gracias a la compra de votos.<\/p>\n<p>&#8220;El comit\u00e9 encargado de promocionar la candidatura nunca soborn\u00f3 a nadie. Estoy listo para jurarlo incluso. No compramos voto alguno&#8221;, asegur\u00f3 Fedor Radmann, ex vicepresidente del comit\u00e9 organizador del <strong>Mundial de Alemania 2006<\/strong>, a la cadena de televisi\u00f3n <em>Sky Sport<\/em>.<\/p>\n<p>En ese sentido, cabe apuntar que seg\u00fan la edici\u00f3n digital del semanario <em>Der Spiegel<\/em>, el comit\u00e9 organizador de la candidatura de <strong>Alemania<\/strong> como sede del <strong>Mundial 2006<\/strong> tuvo una \u201ccaja negra\u201d, apuntando hacia una presunta compra de votos para la adjudicaci\u00f3n del torneo a ese pa\u00eds.<\/p>\n<p>De acuerdo con el\u00a0medio alem\u00e1n, el entonces jefe de adidas, Robert Louis Dreyfus, puso a disposici\u00f3n de la candidatura poco\u00a0m\u00e1s de 10 millones de francos suizos (unos 6.7 millones de euros) mucho antes de que se adjudicara el torneo a <strong>Alemania<\/strong>, en julio del 2000.\u00a0Adem\u00e1s, de acuerdo con la publicaci\u00f3n, los votos de cuatro miembros asi\u00e1ticos del comit\u00e9 ejecutivo de la FIFA fueron comprados para obtener la gran cita deportiva.<\/p>\n<p>No obstante, la <strong>Federaci\u00f3n Alemana de Futbol<\/strong> (DFB) descart\u00f3 en un comunicado de prensa que se hubieran producido irregularidades en la adjudicaci\u00f3n de la <strong>Copa del Mundo de 2006<\/strong> como asegur\u00f3 la revista alemana.<\/p>\n","protected":false},"excerpt":{"rendered":"<p>Se apunta hacia una presunta compra de votos para la adjudicaci\u00f3n del torneo<\/p>\n","protected":false},"author":20,"featured_media":324137,"comment_status":"open","ping_status":"open","sticky":false,"template":"","format":"standard","meta":[],"categories":[3839],"tags":[6319,361],"_links":{"self":[{"href":"http:\/\/desarrollo.grupomedios.com\/futbol\/wp-json\/wp\/v2\/posts\/324136"}],"collection":[{"href":"http:\/\/desarrollo.grupomedios.com\/futbol\/wp-json\/wp\/v2\/posts"}],"about":[{"href":"http:\/\/desarrollo.grupomedios.com\/futbol\/wp-json\/wp\/v2\/types\/post"}],"author":[{"embeddable":true,"href":"http:\/\/desarrollo.grupomedios.com\/futbol\/wp-json\/wp\/v2\/users\/20"}],"replies":[{"embeddable":true,"href":"http:\/\/desarrollo.grupomedios.com\/futbol\/wp-json\/wp\/v2\/comments?post=324136"}],"version-history":[{"count":0,"href":"http:\/\/desarrollo.grupomedios.com\/futbol\/wp-json\/wp\/v2\/posts\/324136\/revisions"}],"wp:featuredmedia":[{"embeddable":true,"href":"http:\/\/desarrollo.grupomedios.com\/futbol\/wp-json\/wp\/v2\/media\/324137"}],"wp:attachment":[{"href":"http:\/\/desarrollo.grupomedios.com\/futbol\/wp-json\/wp\/v2\/media?parent=324136"}],"wp:term":[{"taxonomy":"category","embeddable":true,"href":"http:\/\/desarrollo.grupomedios.com\/futbol\/wp-json\/wp\/v2\/categories?post=324136"},{"taxonomy":"post_tag","embeddable":true,"href":"http:\/\/desarrollo.grupomedios.com\/futbol\/wp-json\/wp\/v2\/tags?post=324136"}],"curies":[{"name":"wp","href":"https:\/\/api.w.org\/{rel}","templated":true}]}}