{"id":324148,"date":"2015-10-17T15:51:36","date_gmt":"2015-10-17T20:51:36","guid":{"rendered":"http:\/\/futboltotal.com.mx\/?p=324148"},"modified":"2015-10-17T15:54:22","modified_gmt":"2015-10-17T20:54:22","slug":"no-cambia-triste-historia-de-memo-ochoa","status":"publish","type":"post","link":"http:\/\/desarrollo.grupomedios.com\/futbol\/futbol-internacional\/no-cambia-triste-historia-de-memo-ochoa\/2015\/10","title":{"rendered":"No cambia triste historia de Memo Ochoa"},"content":{"rendered":"<p><strong>Guillermo Ochoa<\/strong> sigue sin debutar en la Liga de Espa\u00f1a. Este s\u00e1bado, el portero mexicano fue relegado al banco de suplente del <strong>M\u00e1laga<\/strong>, que enfrenta al Valencia dentro de la jornada 7 de la justa espa\u00f1ola.<\/p>\n<blockquote class=\"twitter-tweet\" lang=\"es\">\n<p dir=\"ltr\" lang=\"es\"><a href=\"https:\/\/twitter.com\/hashtag\/MalagaCF?src=hash\">#MalagaCF<\/a> Kameni; Rosales, Angeleri, Weligton, Torres; Camacho, Fornals, Horta, Duda, Juankar; Charles. <a href=\"https:\/\/twitter.com\/hashtag\/VCFvMCF?src=hash\">#VCFvMCF<\/a> <a href=\"http:\/\/t.co\/uJvx1Kz4zh\">pic.twitter.com\/uJvx1Kz4zh<\/a><\/p>\n<p>\u2014 M\u00e1laga CF (@MalagaCF) <a href=\"https:\/\/twitter.com\/MalagaCF\/status\/655458517223129088\">octubre 17, 2015<\/a><\/p><\/blockquote>\n<p><script src=\"\/\/platform.twitter.com\/widgets.js\" async=\"\" charset=\"utf-8\"><\/script>Ante ello, los n\u00fameros de <strong>Memo Ochoa<\/strong> en la presente temporada se mantienen en cero. Y todo hace suponer que ser\u00e1 hasta que inicie la actividad de la Copa del Rey o una lesi\u00f3n del camerun\u00e9s Carlos Kameni, cuando el cancerbero <em>azteca<\/em> tenga sus primeros minutos en la campa\u00f1a con el <strong>M\u00e1laga<\/strong>.<\/p>\n<p><strong><span style=\"color: #3366ff;\"><a style=\"color: #3366ff;\" href=\"http:\/\/futboltotal.com.mx\/2015\/10\/debut-de-memo-ochoa-con-malaga-podria-efectuarse-el-28-de-octubre\/\">LEER M\u00c1S: Debut de Memo Ochoa con M\u00e1laga ser\u00eda en Copa del Rey<\/a><\/span><\/strong><\/p>\n<p>En ese sentido,\u00a0la cuenta de Twitter del cuadro espa\u00f1ol destaca la notable continuidad que ha tenido Carlos Kameni bajo los tres palos de\u00a0los <em>Boquerones.<\/em> <\/p>\n<blockquote class=\"twitter-tweet\" lang=\"es\"><p>PREVIA | Kameni, Rosales y Angeleri son, hasta la fecha, los \u00fanicos jugadores de la plantilla que han disputado todos los minutos. <a href=\"https:\/\/twitter.com\/hashtag\/VCFvMCF?src=hash\">#VCFvMCF<\/a> \u2014 M\u00e1laga CF (@MalagaCF) <a href=\"https:\/\/twitter.com\/MalagaCF\/status\/655468006605201408\">octubre 17, 2015<\/a><\/p><\/blockquote>\n<p><script src=\"\/\/platform.twitter.com\/widgets.js\" async=\"\" charset=\"utf-8\"><\/script><\/p>\n<p><strong>Memo Ochoa<\/strong> lleg\u00f3 al <strong>M\u00e1laga<\/strong> en la temporada pasada, sin embargo, sus participaciones se han limitado a la Copa del Rey,\u00a0certamen\u00a0en el\u00a0que el mexicano disput\u00f3 sus \u00fanicos 540 minutos con el club,\u00a0donde acumul\u00f3 seis partidos.<\/p>\n<p style=\"text-align: center;\"><span style=\"color: #3366ff;\"><strong><a style=\"color: #3366ff;\" href=\"http:\/\/futboltotal.com.mx\/2015\/10\/10-cosas-que-han-ocurrido-desde-que-memo-ochoa-no-es-titular\/\">LEER M\u00c1S: 10 cosas suscitadas en suplencia de Memo Ochoa<\/a><\/strong><\/span><\/p>\n<p style=\"text-align: left;\">La \u00faltima vez que el mexicano logr\u00f3 plantarse como titular del <strong>M\u00e1laga<\/strong>, fue el 29 de enero del 2015, ante Athletic de Bilbao en la Vuelta de los Cuartos de Final de Copa del Rey. Los <em>Boquerones<\/em>\u00a0quedaron eliminado y <strong>Memo Ochoa<\/strong> le puso puntos suspensivos a una traves\u00eda que hoy tiene pinta de un clico interminable. Nunca imagin\u00f3 que despu\u00e9s de aquel d\u00eda en que expres\u00f3 que \u201chaber llegado al M\u00e1laga fue la mejor decisi\u00f3n\u201d, el tiempo se encargara de demostrarle lo contrario.<\/p>\n","protected":false},"excerpt":{"rendered":"<p>En la presente temporada, los n\u00fameros del mexicano se mantienen en cero<\/p>\n","protected":false},"author":20,"featured_media":324151,"comment_status":"open","ping_status":"open","sticky":false,"template":"","format":"standard","meta":[],"categories":[3839,3844,5951],"tags":[306,679],"_links":{"self":[{"href":"http:\/\/desarrollo.grupomedios.com\/futbol\/wp-json\/wp\/v2\/posts\/324148"}],"collection":[{"href":"http:\/\/desarrollo.grupomedios.com\/futbol\/wp-json\/wp\/v2\/posts"}],"about":[{"href":"http:\/\/desarrollo.grupomedios.com\/futbol\/wp-json\/wp\/v2\/types\/post"}],"author":[{"embeddable":true,"href":"http:\/\/desarrollo.grupomedios.com\/futbol\/wp-json\/wp\/v2\/users\/20"}],"replies":[{"embeddable":true,"href":"http:\/\/desarrollo.grupomedios.com\/futbol\/wp-json\/wp\/v2\/comments?post=324148"}],"version-history":[{"count":0,"href":"http:\/\/desarrollo.grupomedios.com\/futbol\/wp-json\/wp\/v2\/posts\/324148\/revisions"}],"wp:featuredmedia":[{"embeddable":true,"href":"http:\/\/desarrollo.grupomedios.com\/futbol\/wp-json\/wp\/v2\/media\/324151"}],"wp:attachment":[{"href":"http:\/\/desarrollo.grupomedios.com\/futbol\/wp-json\/wp\/v2\/media?parent=324148"}],"wp:term":[{"taxonomy":"category","embeddable":true,"href":"http:\/\/desarrollo.grupomedios.com\/futbol\/wp-json\/wp\/v2\/categories?post=324148"},{"taxonomy":"post_tag","embeddable":true,"href":"http:\/\/desarrollo.grupomedios.com\/futbol\/wp-json\/wp\/v2\/tags?post=324148"}],"curies":[{"name":"wp","href":"https:\/\/api.w.org\/{rel}","templated":true}]}}