{"id":324471,"date":"2015-10-18T11:04:08","date_gmt":"2015-10-18T16:04:08","guid":{"rendered":"http:\/\/futboltotal.com.mx\/?p=324471"},"modified":"2015-10-18T11:04:08","modified_gmt":"2015-10-18T16:04:08","slug":"rafael-marquez-titular-en-empate-del-hellas-verona","status":"publish","type":"post","link":"http:\/\/desarrollo.grupomedios.com\/futbol\/futbol-internacional\/rafael-marquez-titular-en-empate-del-hellas-verona\/2015\/10","title":{"rendered":"Rafael M\u00e1rquez, titular en empate del Hellas Verona"},"content":{"rendered":"<p>En duelo en la parte baja de la tabla general, el <strong>Hellas Verona<\/strong>, del mexicano <strong>Rafael M\u00e1rquez<\/strong>, no pudo conservar la victoria, y deja escapar dos puntos en casa gracias al 1-1 que logr\u00f3 sacar el <strong>Udinese<\/strong> en condici\u00f3n de visitante, en la octava fecha de la Serie A.<\/p>\n<p>Fue la causa local la que busc\u00f3 conseguir su primera victoria del torneo en casa en los primeros minutos, por lo que se lanzaron al ataque, esperando no darle espacios a Antonio Di Natale, delantero rival.<\/p>\n<p style=\"text-align: center;\"><strong><span style=\"color: #3366ff;\"><a style=\"color: #3366ff;\" href=\"http:\/\/futboltotal.com.mx\/futbol-internacional\/\">LEER M\u00c1S: Toda la informaci\u00f3n del futbol internacional<\/a><\/span><\/strong><\/p>\n<p>Sin embargo, la escuadra de Stefano Colantuono inclino poco a poco la balanza, exigiendo de m\u00e1s a la zona comandada por el mexicano, quien logr\u00f3 mantener su caba\u00f1a intacta por los primeros 45 minutos.<\/p>\n<p>Fue hasta los minutos finales del primer parcial que, Giampaolo Pazzini, aprovech\u00f3 el tiro penal que el \u00e1rbitro hab\u00eda decretado en contra de la visita, por la falta de Molla Wague en el \u00e1rea, y puso n\u00fameros para la casa al minuto 41.<\/p>\n<p>La victoria parcial y la urgencia de tres puntos en el torneo hicieron que el Verona no fuera m\u00e1s hacia el ataque en la segunda parte, dejando la iniciativa a <strong>Udinese<\/strong>, quien aprovecho las facilidades para salir de la mala racha en el torneo.<\/p>\n<p>Fue hasta la parte final que Cyril Thereau, quien hab\u00eda ingresado de cambio al 84\u00b4, logr\u00f3 el tanto de la igualada, aprovechando desatenciones defensivas de la casa.<\/p>\n<p>Con el empate final el michoacano y el <strong>Hellas Verona<\/strong> se ubica en la 18va posici\u00f3n, con 5 puntos, producto de cero victorias, cinco empates y tres derrotas, ubic\u00e1ndolo en zona de descenso, mientras que el <strong>Udinese<\/strong> no se encuentra tan lejos, ya que est\u00e1 situado en el 15vo lugar, con 8 puntos, gracias a sus dos partidos ganados, dos empates y cuatro derrotas.<\/p>\n","protected":false},"excerpt":{"rendered":"<p>El mexicano participa los 90 minutos en el 1-1 final<\/p>\n","protected":false},"author":20,"featured_media":324473,"comment_status":"open","ping_status":"open","sticky":false,"template":"","format":"standard","meta":[],"categories":[3839],"tags":[5515,6033,5958,531],"_links":{"self":[{"href":"http:\/\/desarrollo.grupomedios.com\/futbol\/wp-json\/wp\/v2\/posts\/324471"}],"collection":[{"href":"http:\/\/desarrollo.grupomedios.com\/futbol\/wp-json\/wp\/v2\/posts"}],"about":[{"href":"http:\/\/desarrollo.grupomedios.com\/futbol\/wp-json\/wp\/v2\/types\/post"}],"author":[{"embeddable":true,"href":"http:\/\/desarrollo.grupomedios.com\/futbol\/wp-json\/wp\/v2\/users\/20"}],"replies":[{"embeddable":true,"href":"http:\/\/desarrollo.grupomedios.com\/futbol\/wp-json\/wp\/v2\/comments?post=324471"}],"version-history":[{"count":0,"href":"http:\/\/desarrollo.grupomedios.com\/futbol\/wp-json\/wp\/v2\/posts\/324471\/revisions"}],"wp:featuredmedia":[{"embeddable":true,"href":"http:\/\/desarrollo.grupomedios.com\/futbol\/wp-json\/wp\/v2\/media\/324473"}],"wp:attachment":[{"href":"http:\/\/desarrollo.grupomedios.com\/futbol\/wp-json\/wp\/v2\/media?parent=324471"}],"wp:term":[{"taxonomy":"category","embeddable":true,"href":"http:\/\/desarrollo.grupomedios.com\/futbol\/wp-json\/wp\/v2\/categories?post=324471"},{"taxonomy":"post_tag","embeddable":true,"href":"http:\/\/desarrollo.grupomedios.com\/futbol\/wp-json\/wp\/v2\/tags?post=324471"}],"curies":[{"name":"wp","href":"https:\/\/api.w.org\/{rel}","templated":true}]}}