{"id":324549,"date":"2015-10-18T16:38:22","date_gmt":"2015-10-18T21:38:22","guid":{"rendered":"http:\/\/futboltotal.com.mx\/?p=324549"},"modified":"2015-10-19T08:06:56","modified_gmt":"2015-10-19T13:06:56","slug":"juventus-alarga-su-crisis-ante-inter-que-se-queda-sin-liderato","status":"publish","type":"post","link":"http:\/\/desarrollo.grupomedios.com\/futbol\/futbol-internacional\/juventus-alarga-su-crisis-ante-inter-que-se-queda-sin-liderato\/2015\/10","title":{"rendered":"Juventus alarga crisis ante Inter que queda sin liderato"},"content":{"rendered":"<p>En el duelo m\u00e1s atractivo de la jornada 9 de la Serie A, el <strong>Inter<\/strong> \u00a0y la <strong>Juventus<\/strong> empataron en un duelo que de manera sorprendente se fue sin gritos de gol. El resultado impidi\u00f3 al equipo local, dirigido por Roberto Mancini, recuperar el liderato despu\u00e9s de la derrota de la Fiorentina el pasado s\u00e1bado en N\u00e1poles (2-1). El campeonato italiano sigue dominado por la <em>Fiore<\/em>(18 puntos), aunque ha visto reducida su ventaja y ya tiene a la Roma y al Inter a un solo punto (17).<\/p>\n<p style=\"text-align: center;\"><span style=\"color: #3366ff;\"><strong><a href=\"http:\/\/futboltotal.com.mx\/estadisticas\/estadisticas-liga-de-italia\/\"><span style=\"color: #3366ff;\">LEER M\u00c1S: As\u00ed luce la tabla general de la Serie A.<\/span><\/a><\/strong><\/span><\/p>\n<p>El partido, pese a la ausencia de goles, fue bastante disputado y ambos equipos se emplearon con la misi\u00f3n de encontrar el gol, conscientes del valor de los puntos que hab\u00eda en juego. Mientras\u00a0Inter buscaba asaltar al liderato, Juventus ten\u00eda\u00a0el firme objetivo de ascender posiciones en la tabla. El primer tiempo tuvo un claro color <em>neroazzurro,\u00a0<\/em>el segundo, fue completamente\u00a0<em>bianconero<\/em>.<\/p>\n<p>Hubo poca precisi\u00f3n en la construcci\u00f3n del juego, especialmente en el primer lapso.\u00a0<strong>Inter<\/strong> dispuso de una gran ocasi\u00f3n en el minuto 26 despu\u00e9s de un pase de Murillo a Jovetic en el \u00e1rea que termin\u00f3 con un disparo que despej\u00f3 Buffon.<\/p>\n<p>En la segunda mitad la Juventus pudo inaugurar el marcador, pero la ocasi\u00f3n de Juan Cuadrado la desbarat\u00f3 Handanovic con la pierna. Y en el minuto 69&#8242;, Khedira, solo ante el portero, estrell\u00f3 un remate en el poste. Poco m\u00e1s de s\u00ed dio el partido que cerr\u00f3 la jornada, que lastim\u00f3 m\u00e1s a una <strong>Juventus<\/strong> (14\u00ba clasificado con solo 9 puntos de 24 disputados) que no acaba de levantar cabeza y lastimosamente sigue en puestos impensados dentro de la Serie A.<\/p>\n<p><iframe loading=\"lazy\" src=\"https:\/\/www.youtube.com\/embed\/4-hdyUgFft8\" frameborder=\"0\" allowfullscreen=\"allowfullscreen\"><\/iframe><\/p>\n<p style=\"text-align: center;\"><span style=\"color: #3366ff;\"><strong><a style=\"color: #3366ff;\" href=\"http:\/\/futboltotal.com.mx\/futbol-internacional\/\">LEER: Todas las noticias del futbol internacional.<\/a><\/strong><\/span><\/p>\n","protected":false},"excerpt":{"rendered":"<p>En un partido el\u00e9ctrico, los Bianconeri alargaron sus malos pasos en la Serie A <\/p>\n","protected":false},"author":20,"featured_media":324563,"comment_status":"open","ping_status":"open","sticky":false,"template":"","format":"standard","meta":[],"categories":[3839,3848,5951],"tags":[1073,5999,5958],"_links":{"self":[{"href":"http:\/\/desarrollo.grupomedios.com\/futbol\/wp-json\/wp\/v2\/posts\/324549"}],"collection":[{"href":"http:\/\/desarrollo.grupomedios.com\/futbol\/wp-json\/wp\/v2\/posts"}],"about":[{"href":"http:\/\/desarrollo.grupomedios.com\/futbol\/wp-json\/wp\/v2\/types\/post"}],"author":[{"embeddable":true,"href":"http:\/\/desarrollo.grupomedios.com\/futbol\/wp-json\/wp\/v2\/users\/20"}],"replies":[{"embeddable":true,"href":"http:\/\/desarrollo.grupomedios.com\/futbol\/wp-json\/wp\/v2\/comments?post=324549"}],"version-history":[{"count":0,"href":"http:\/\/desarrollo.grupomedios.com\/futbol\/wp-json\/wp\/v2\/posts\/324549\/revisions"}],"wp:featuredmedia":[{"embeddable":true,"href":"http:\/\/desarrollo.grupomedios.com\/futbol\/wp-json\/wp\/v2\/media\/324563"}],"wp:attachment":[{"href":"http:\/\/desarrollo.grupomedios.com\/futbol\/wp-json\/wp\/v2\/media?parent=324549"}],"wp:term":[{"taxonomy":"category","embeddable":true,"href":"http:\/\/desarrollo.grupomedios.com\/futbol\/wp-json\/wp\/v2\/categories?post=324549"},{"taxonomy":"post_tag","embeddable":true,"href":"http:\/\/desarrollo.grupomedios.com\/futbol\/wp-json\/wp\/v2\/tags?post=324549"}],"curies":[{"name":"wp","href":"https:\/\/api.w.org\/{rel}","templated":true}]}}