{"id":324562,"date":"2015-10-18T16:58:52","date_gmt":"2015-10-18T21:58:52","guid":{"rendered":"http:\/\/futboltotal.com.mx\/?p=324562"},"modified":"2015-10-19T11:55:03","modified_gmt":"2015-10-19T16:55:03","slug":"prichard-colon-cae-en-coma-luego-de-combate-de-box","status":"publish","type":"post","link":"http:\/\/desarrollo.grupomedios.com\/futbol\/no-todo-es-futbol\/prichard-colon-cae-en-coma-luego-de-combate-de-box\/2015\/10","title":{"rendered":"Prichard Col\u00f3n cae en coma luego de combate de Box"},"content":{"rendered":"<p>El boxeador de Puerto Rico, <strong>Prichard Col\u00f3n<\/strong>, sufri\u00f3 un derrame cerebral tras culminar un combate en Virginia, ante Terrell Williams, en la noche del s\u00e1bado 17 de octubre.<\/p>\n<p><strong>Prichard Col\u00f3n<\/strong> tuvo que ser sometido a cirug\u00eda para disminuir la presi\u00f3n que estaba sufriendo su cerebro. El reporte lo dio a conocer Lou DiBella, presidente de DiBella Entertainment, quien tambi\u00e9n agreg\u00f3 que el boxeador ha estado en condici\u00f3n cr\u00edtica durante el domingo 18 de octubre.<\/p>\n<p style=\"text-align: center;\"><span style=\"color: #3366ff;\"><strong><a style=\"color: #3366ff;\" href=\"http:\/\/futboltotal.com.mx\/2015\/09\/proponen-5-nuevos-deportes-para-olimpicos-de-2020\/\" target=\"_blank\">LEER M\u00c1S: Habr\u00eda 5 nuevos deportes para Juegos Ol\u00edmpicos de 2020.<\/a><\/strong><\/span><\/p>\n<p>&#8220;Sufri\u00f3 un derrame cerebral como resultado de una lesi\u00f3n sostenida en la pelea y entr\u00f3 inmediatamente a cirug\u00eda para aliviar la presi\u00f3n en el cerebro&#8221;, se\u00f1al\u00f3 el mandatario de DiBella Entertainment.<\/p>\n<p><strong>Prichard Col\u00f3n<\/strong> fue derribado dos veces en el noveno round, pero continu\u00f3 con la lucha ante Terrell Williams; incluso, despu\u00e9s de la pelea camin\u00f3 por su cuenta a los vestidores, pero ya en ellos sinti\u00f3 las secuelas de los golpes, sinti\u00f3 mareo y nauseas, y luego se desvaneci\u00f3; tras la acci\u00f3n, de inmediato fue trasladado al hospital.<\/p>\n","protected":false},"excerpt":{"rendered":"<p>El puertorrique\u00f1o sufri\u00f3 un derrame cerebral en pelea del s\u00e1bado<\/p>\n","protected":false},"author":20,"featured_media":324574,"comment_status":"open","ping_status":"open","sticky":false,"template":"","format":"standard","meta":[],"categories":[6282,5418],"tags":[5936,5771],"_links":{"self":[{"href":"http:\/\/desarrollo.grupomedios.com\/futbol\/wp-json\/wp\/v2\/posts\/324562"}],"collection":[{"href":"http:\/\/desarrollo.grupomedios.com\/futbol\/wp-json\/wp\/v2\/posts"}],"about":[{"href":"http:\/\/desarrollo.grupomedios.com\/futbol\/wp-json\/wp\/v2\/types\/post"}],"author":[{"embeddable":true,"href":"http:\/\/desarrollo.grupomedios.com\/futbol\/wp-json\/wp\/v2\/users\/20"}],"replies":[{"embeddable":true,"href":"http:\/\/desarrollo.grupomedios.com\/futbol\/wp-json\/wp\/v2\/comments?post=324562"}],"version-history":[{"count":0,"href":"http:\/\/desarrollo.grupomedios.com\/futbol\/wp-json\/wp\/v2\/posts\/324562\/revisions"}],"wp:featuredmedia":[{"embeddable":true,"href":"http:\/\/desarrollo.grupomedios.com\/futbol\/wp-json\/wp\/v2\/media\/324574"}],"wp:attachment":[{"href":"http:\/\/desarrollo.grupomedios.com\/futbol\/wp-json\/wp\/v2\/media?parent=324562"}],"wp:term":[{"taxonomy":"category","embeddable":true,"href":"http:\/\/desarrollo.grupomedios.com\/futbol\/wp-json\/wp\/v2\/categories?post=324562"},{"taxonomy":"post_tag","embeddable":true,"href":"http:\/\/desarrollo.grupomedios.com\/futbol\/wp-json\/wp\/v2\/tags?post=324562"}],"curies":[{"name":"wp","href":"https:\/\/api.w.org\/{rel}","templated":true}]}}