{"id":324801,"date":"2015-10-20T09:00:20","date_gmt":"2015-10-20T14:00:20","guid":{"rendered":"http:\/\/futboltotal.com.mx\/?p=324801"},"modified":"2015-10-20T10:09:12","modified_gmt":"2015-10-20T15:09:12","slug":"agenda-de-mexicanos-en-champions","status":"publish","type":"post","link":"http:\/\/desarrollo.grupomedios.com\/futbol\/destacado-home\/agenda-de-mexicanos-en-champions\/2015\/10","title":{"rendered":"Agenda de mexicanos en Champions"},"content":{"rendered":"<p>La tercera jornada de la <strong>Champions League<\/strong> inicia este martes y tiene algunas particularidades para los ocho mexicanos que la disputan; las m\u00e1s emblem\u00e1ticas son la Chicharito Hern\u00e1ndez, quien va por un gol insigne,\u00a0y la de H\u00e9ctor Herrera, Miguel Lay\u00fan y <em>Tecatito<\/em> Corona, en busca de una participaci\u00f3n hist\u00f3rica con el Porto en el que podr\u00edan alcanzar un registro hist\u00f3rico de victorias en Oporto.<\/p>\n<p>Se avecina una jornada \u00fanica para los mexicanos por Europa en la que tambi\u00e9n saldr\u00e1n a escena Andr\u00e9s Guardado y H\u00e9ctor Moreno con el PSV y Ra\u00fal Jim\u00e9nez con Benfica.<\/p>\n<p><span style=\"color: #ff0000;\"><strong>VIDEO:<\/strong> AGENDA TV | Jornada 3 Champions League<\/span><\/p>\n<p>[video_player]https:\/\/player.vimeo.com\/external\/142909679.hd.mp4?s=5270263034cd4eb633d73016fddd58ee&amp;profile_id=113[\/video_player]<\/p>\n<p><span style=\"color: #ff0000;\">Bayer Leverkusen vs AS Roma | 13:45 horas | Bay Arena<\/span><\/p>\n<p>El conjunto alem\u00e1n regresa para reencontrar la victoria como local frente al AS Roma y mantener la segunda plaza del Grupo E, que lidera el Barcelona. Lo har\u00e1n de la mano del mexicano Javier Chicharito Hern\u00e1ndez, quien apunta como titular y buscar\u00e1 su segundo gol en la competici\u00f3n en este coloso con un particularidad: nunca le ha marcado a rivales italianos.<\/p>\n<p>El Leverkusen solo ha enfrentado una vez a la Roma en UCL y fue hace 11 a\u00f1os. En aquella ocasi\u00f3n vencieron 3-1 en Alemania y uno de los goles los marc\u00f3 Dimitar Berbatov, excompa\u00f1ero de Chicharito cuando ambos militaban en el Manchester United.<\/p>\n<p><span style=\"color: #ff0000;\">Porto vs Tel Aviv | 13:45 horas | Do Dragao<br \/>\n<\/span><\/p>\n<p>Miguel Lay\u00fan, H\u00e9ctor Herrera y Tecatito Corona se alistan para un cruce in\u00e9dito ante el Maccabi Tel Aviv. Y no solo porque ambas escuadras no se han enfrentado, sino porque nunca tres mexicanos han jugado para el mismo equipo en este certamen. En el Do Dragao tambi\u00e9n podr\u00eda darse el estreno goleador de alguno de los tres <em>aztecas <\/em>y, con ello, conseguir un tanto emblem\u00e1tico en el selecto grupo de los mexicanos, que han anotado en la Copa de Europa.<\/p>\n<p>El partido resulta una ocasi\u00f3n inmejorable para ganar tres puntos, pues enfrentan al sotanero del grupo y les permitir\u00eda llegar a siete tantos, con los cuales seguir\u00edan en la pelea por el liderato con el puntero Dinamo Kiev, que ahora suma cuatro puntos, los mismos que el Porto.<\/p>\n<p><span style=\"color: #ff0000;\">Dynamo Zagreb vs Olympiacos | 13:45 horas | Stadion Maksimir<\/span><\/p>\n<p>El conjunto hel\u00e9nico realiza una expedici\u00f3n a Croacia de la que formar\u00e1 parte el mexicano Alan Pulido, quien aun no ha podido debutar en el certamen debido al dilema que afronta con Tigres y el TAS. Aun as\u00ed espera que este martes por fin pueda sumarse al selecto grupo de mexicano que han jugado Champions League.<\/p>\n<p>Los griegos tiene un partido clave en el Grupo F, toda vez que la primera plaza pr\u00e1cticamente la tiene garatizada con antelaci\u00f3n el Bayern M\u00fanich y solo le queda pelear palo a palmo con el Dynamo, con el que est\u00e1 empatada con tres puntos y se disputa el otro boleto a la siguiente ffase del torneo.<\/p>\n<p><span style=\"color: #ff0000;\">Wolfsburgo vs PSV | 13:45 horas | Volkswagen Arena<\/span><\/p>\n<p>El partido marcar\u00e1 el regreso del mexicano Andr\u00e9s Guardado a las canchas, despu\u00e9s de haberse perdido el duelo ante el CSKA Mosc\u00fa por lesi\u00f3n. Los holandeses contar\u00e1n tambi\u00e9n con el mexicano H\u00e9ctor Moreno, que ya marc\u00f3 un gol en su debut.<\/p>\n<p>El PSV nunca se ha enfrentado al Wolfsburgo, pero cuando ha enfrentado rivales alemanes sufre en demas\u00eda. nada menos ha sufrido 17 derrotas en 33 partidos y solo ha conseguido nueve victorias. Por el contrario, su adversario solo ha enfrentado dos veces rivales holandeses y en ambos sali\u00f3 airoso.<\/p>\n<p><span style=\"color: #ff0000;\">Galatasaray vs Benfica | 13:45 horas | Telekom Arena<\/span><\/p>\n<p>En el Estadio da Luz, el mexicano Ra\u00fal Jim\u00e9nez podr\u00eda ser titular y sorprender con un primer gol en Champions League. La misi\u00f3n no luce sencilla porque enfrentan al Galatasaray, urgido de la victoria y un rival que en Estambul se hace fuerte.<\/p>\n<p>Hasta ahora las <em>\u00c1guilas<\/em> mantienen ritmo perfecto en el Grupo C, donde son l\u00edderes despu\u00e9s de haber vencido al Atl\u00e9tico de Madrid, que ahoramarcah segundo. El triunfo es vital porque\u00a0los<em> Colchoneros<\/em> enfrentan al sotanero Astana y de vencer tomar\u00edan el liderato del sector.<\/p>\n","protected":false},"excerpt":{"rendered":"<p>Chicharito, Herrera, Lay\u00fan y Tecatito abren fuego en la tercera jornada de alto voltaje <\/p>\n","protected":false},"author":20,"featured_media":325805,"comment_status":"open","ping_status":"open","sticky":false,"template":"","format":"standard","meta":[],"categories":[3841,5,3839],"tags":[36,6327,4545],"_links":{"self":[{"href":"http:\/\/desarrollo.grupomedios.com\/futbol\/wp-json\/wp\/v2\/posts\/324801"}],"collection":[{"href":"http:\/\/desarrollo.grupomedios.com\/futbol\/wp-json\/wp\/v2\/posts"}],"about":[{"href":"http:\/\/desarrollo.grupomedios.com\/futbol\/wp-json\/wp\/v2\/types\/post"}],"author":[{"embeddable":true,"href":"http:\/\/desarrollo.grupomedios.com\/futbol\/wp-json\/wp\/v2\/users\/20"}],"replies":[{"embeddable":true,"href":"http:\/\/desarrollo.grupomedios.com\/futbol\/wp-json\/wp\/v2\/comments?post=324801"}],"version-history":[{"count":0,"href":"http:\/\/desarrollo.grupomedios.com\/futbol\/wp-json\/wp\/v2\/posts\/324801\/revisions"}],"wp:featuredmedia":[{"embeddable":true,"href":"http:\/\/desarrollo.grupomedios.com\/futbol\/wp-json\/wp\/v2\/media\/325805"}],"wp:attachment":[{"href":"http:\/\/desarrollo.grupomedios.com\/futbol\/wp-json\/wp\/v2\/media?parent=324801"}],"wp:term":[{"taxonomy":"category","embeddable":true,"href":"http:\/\/desarrollo.grupomedios.com\/futbol\/wp-json\/wp\/v2\/categories?post=324801"},{"taxonomy":"post_tag","embeddable":true,"href":"http:\/\/desarrollo.grupomedios.com\/futbol\/wp-json\/wp\/v2\/tags?post=324801"}],"curies":[{"name":"wp","href":"https:\/\/api.w.org\/{rel}","templated":true}]}}