{"id":325601,"date":"2015-10-19T13:53:23","date_gmt":"2015-10-19T18:53:23","guid":{"rendered":"http:\/\/futboltotal.com.mx\/?p=325601"},"modified":"2015-10-19T13:54:48","modified_gmt":"2015-10-19T18:54:48","slug":"raul-gonzalez-cuenta-con-el-aval-de-morientes","status":"publish","type":"post","link":"http:\/\/desarrollo.grupomedios.com\/futbol\/futbol-internacional\/raul-gonzalez-cuenta-con-el-aval-de-morientes\/2015\/10","title":{"rendered":"Ra\u00fal Gonz\u00e1lez cuenta con el aval de Morientes"},"content":{"rendered":"<p>Los elogios para <strong>Ra\u00fal Gonz\u00e1lez<\/strong> no paran ante su retiro. Ahora fue su ex compa\u00f1ero en el Real Madrid y en la selecci\u00f3n espa\u00f1ola, el ex delantero <strong>Fernando Morientes<\/strong>, quien advirti\u00f3 que <em>El \u00c1ngel de Madrid<\/em> est\u00e1 listo para actuar en donde \u00e9l lo crea oportuno, despu\u00e9s de que cuelgue los botines en el futbol profesional.<\/p>\n<p>El ahora entrenador del Fuenlabrada dela Segunda Divisi\u00f3n &#8220;B&#8221; asegura que Ra\u00fal tomar\u00e1 con calma su nueva etapa, y despu\u00e9s actuar\u00e1 en el \u00e1rea que quiera, debido a sus capacidades, tambi\u00e9n fuera del campo.<\/p>\n<p style=\"text-align: center;\"><strong><span style=\"color: #3366ff;\"><a style=\"color: #3366ff;\" href=\"http:\/\/futboltotal.com.mx\/2015\/10\/rafa-benitez-abre-las-puertas-a-raul\/\">LEER M\u00c1S: Ben\u00edtez querr\u00eda a Ra\u00fal Gonz\u00e1lez en su equipo de trabajo<\/a><\/span><\/strong><\/p>\n<p>&#8220;Ra\u00fal elegir\u00e1 lo que \u00e9l quiera, ahora comienza una nueva etapa tras una vida interesante llena de \u00e9xitos deportivos y en cuanto acabe su carrera en el Cosmos donde a\u00fan est\u00e1 en competici\u00f3n, seguro que con calma y tranquilidad ver\u00e1 lo que hace con su futuro. El est\u00e1 preparado para trabajar en el entorno del deporte que crea oportuno&#8221;, subray\u00f3 Morientes.<\/p>\n<p>Ambos jugadores formaron parte del Real Madrid desde 1997 y hasta el 2003, donde compartieron honores en tres Ligas de Campeones, dos Copas Intercontinentales, una Supercopa de Europa, tres ligas de Espa\u00f1a y una Supercopa de Espa\u00f1a.<\/p>\n<p>Ahora, <strong>Ra\u00fal Gonz\u00e1lez<\/strong>, ha anunciado que en noviembre pr\u00f3ximo, cuando acabe la temporada con el New York Cosmos, se retirar\u00e1 del futbol de manera profesional.<\/p>\n","protected":false},"excerpt":{"rendered":"<p>Su ex compa\u00f1ero en el Madrid alaba sus condiciones, fuera de la cancha<\/p>\n","protected":false},"author":20,"featured_media":325605,"comment_status":"open","ping_status":"open","sticky":false,"template":"","format":"standard","meta":[],"categories":[3839,5951],"tags":[6330,2492,5988,2692],"_links":{"self":[{"href":"http:\/\/desarrollo.grupomedios.com\/futbol\/wp-json\/wp\/v2\/posts\/325601"}],"collection":[{"href":"http:\/\/desarrollo.grupomedios.com\/futbol\/wp-json\/wp\/v2\/posts"}],"about":[{"href":"http:\/\/desarrollo.grupomedios.com\/futbol\/wp-json\/wp\/v2\/types\/post"}],"author":[{"embeddable":true,"href":"http:\/\/desarrollo.grupomedios.com\/futbol\/wp-json\/wp\/v2\/users\/20"}],"replies":[{"embeddable":true,"href":"http:\/\/desarrollo.grupomedios.com\/futbol\/wp-json\/wp\/v2\/comments?post=325601"}],"version-history":[{"count":0,"href":"http:\/\/desarrollo.grupomedios.com\/futbol\/wp-json\/wp\/v2\/posts\/325601\/revisions"}],"wp:featuredmedia":[{"embeddable":true,"href":"http:\/\/desarrollo.grupomedios.com\/futbol\/wp-json\/wp\/v2\/media\/325605"}],"wp:attachment":[{"href":"http:\/\/desarrollo.grupomedios.com\/futbol\/wp-json\/wp\/v2\/media?parent=325601"}],"wp:term":[{"taxonomy":"category","embeddable":true,"href":"http:\/\/desarrollo.grupomedios.com\/futbol\/wp-json\/wp\/v2\/categories?post=325601"},{"taxonomy":"post_tag","embeddable":true,"href":"http:\/\/desarrollo.grupomedios.com\/futbol\/wp-json\/wp\/v2\/tags?post=325601"}],"curies":[{"name":"wp","href":"https:\/\/api.w.org\/{rel}","templated":true}]}}