{"id":326289,"date":"2015-10-20T22:58:56","date_gmt":"2015-10-21T03:58:56","guid":{"rendered":"http:\/\/futboltotal.com.mx\/?p=326289"},"modified":"2015-10-20T23:39:30","modified_gmt":"2015-10-21T04:39:30","slug":"angel-reyna-el-jugador-de-chivas-que-apoya-a-veracruz","status":"publish","type":"post","link":"http:\/\/desarrollo.grupomedios.com\/futbol\/futbol-mexicano\/angel-reyna-el-jugador-de-chivas-que-apoya-a-veracruz\/2015\/10","title":{"rendered":"\u00c1ngel Reyna, \u00bfjuega con Chivas y apoya a Veracruz?"},"content":{"rendered":"<p><a href=\"http:\/\/futboltotal.com.mx\/2015\/10\/en-vivo-chivas-vs-veracruz-copa-mx\/\">Chivas y Veracruz se enfrentaron en el estadio Omnilife<\/a> por un boleto a las semifinales de la Copa MX. El duelo fue bastante entretenido y con opciones en ambos sectores de la cancha, pese a ello, hubo m\u00e1s expectaci\u00f3n en las tribunas del inmueble debido a la presencia de <strong>\u00c1ngel Reyna<\/strong>.<\/p>\n<p>Pero la situaci\u00f3n para el a\u00fan rojiblanco se sali\u00f3 de control y es que <strong>\u00c1ngel Reyna<\/strong> hizo acto de presencia en los palcos pero de la directiva escuala. El pol\u00e9mico futbolista no ha regresado a los entrenamientos con el Reba\u00f1o Sagrado tras su separaci\u00f3n del plantel por actos de indisciplina y ni la llegada de un nuevo estratega al banquillo ha sido factor para su reintegraci\u00f3n a la entidad.<\/p>\n<p>Ante eso, los rumores sobre un posible retorno al Puerto cobraron fuerza, pues a <strong>\u00c1ngel Reyna<\/strong> se le vio muy sonriente en compa\u00f1\u00eda de\u00a0Fidel Kuri, presidente de los Tiburones Rojos.\u00a0Y la pregunta surge, \u00bfel jugador de Chivas apoyaba a Veracruz?<\/p>\n<p>Al final del encuentro, para aclarar el malentendido, Reyna explic\u00f3 en su Twitter la situaci\u00f3n indicando que fue un gran triunfo de su equipo, Chivas, y que Fidel Kuri solo es un gran amigo.<\/p>\n<blockquote class=\"twitter-tweet\" lang=\"es\">\n<p dir=\"ltr\" lang=\"es\">Gran triunfo de mi equipo <a href=\"https:\/\/twitter.com\/Chivas\">@Chivas<\/a> y aclar\u00f3!!! <a href=\"https:\/\/twitter.com\/fidelkugra\">@fidelkugra<\/a> es mi amigo! Y tiene mi respeto igual q mi amigo <a href=\"https:\/\/twitter.com\/jorgevergara\">@jorgevergara<\/a> DLB??<\/p>\n<p>\u2014 Angel Reyna (@AngelReynaFut) <a href=\"https:\/\/twitter.com\/AngelReynaFut\/status\/656688733488451585\">octubre 21, 2015<\/a><\/p><\/blockquote>\n<p><script src=\"\/\/platform.twitter.com\/widgets.js\" async=\"\" charset=\"utf-8\"><\/script><\/p>\n<p style=\"text-align: center;\"><span style=\"color: #3366ff;\"><strong><a style=\"color: #3366ff;\" href=\"http:\/\/futboltotal.com.mx\/futbol-mexicano\/\">LEER M\u00c1S: Todas las noticias del futbol mexicano.<\/a>\u00a0<\/strong><\/span><\/p>\n","protected":false},"excerpt":{"rendered":"<p>El pol\u00e9mico futbolista hizo acto de presencia en el Omnilife <\/p>\n","protected":false},"author":20,"featured_media":326299,"comment_status":"open","ping_status":"open","sticky":false,"template":"","format":"standard","meta":[],"categories":[2198,5950],"tags":[1659,70,6049],"_links":{"self":[{"href":"http:\/\/desarrollo.grupomedios.com\/futbol\/wp-json\/wp\/v2\/posts\/326289"}],"collection":[{"href":"http:\/\/desarrollo.grupomedios.com\/futbol\/wp-json\/wp\/v2\/posts"}],"about":[{"href":"http:\/\/desarrollo.grupomedios.com\/futbol\/wp-json\/wp\/v2\/types\/post"}],"author":[{"embeddable":true,"href":"http:\/\/desarrollo.grupomedios.com\/futbol\/wp-json\/wp\/v2\/users\/20"}],"replies":[{"embeddable":true,"href":"http:\/\/desarrollo.grupomedios.com\/futbol\/wp-json\/wp\/v2\/comments?post=326289"}],"version-history":[{"count":0,"href":"http:\/\/desarrollo.grupomedios.com\/futbol\/wp-json\/wp\/v2\/posts\/326289\/revisions"}],"wp:featuredmedia":[{"embeddable":true,"href":"http:\/\/desarrollo.grupomedios.com\/futbol\/wp-json\/wp\/v2\/media\/326299"}],"wp:attachment":[{"href":"http:\/\/desarrollo.grupomedios.com\/futbol\/wp-json\/wp\/v2\/media?parent=326289"}],"wp:term":[{"taxonomy":"category","embeddable":true,"href":"http:\/\/desarrollo.grupomedios.com\/futbol\/wp-json\/wp\/v2\/categories?post=326289"},{"taxonomy":"post_tag","embeddable":true,"href":"http:\/\/desarrollo.grupomedios.com\/futbol\/wp-json\/wp\/v2\/tags?post=326289"}],"curies":[{"name":"wp","href":"https:\/\/api.w.org\/{rel}","templated":true}]}}