{"id":326411,"date":"2015-10-21T10:27:21","date_gmt":"2015-10-21T15:27:21","guid":{"rendered":"http:\/\/futboltotal.com.mx\/?p=326411"},"modified":"2015-10-21T10:28:13","modified_gmt":"2015-10-21T15:28:13","slug":"sergi-roberto-baja-con-barcelona","status":"publish","type":"post","link":"http:\/\/desarrollo.grupomedios.com\/futbol\/futbol-internacional\/sergi-roberto-baja-con-barcelona\/2015\/10","title":{"rendered":"Sergi Roberto, baja con Barcelona"},"content":{"rendered":"<p>Parece que el <strong>Barcelona<\/strong> siempre va a contar con al menos un elemento en sus listas de lesionados, ya que <strong>Sergi Roberto<\/strong>, mediocampista del conjunto cul\u00e9 estar\u00e1 de baja entre siete y diez d\u00edas, por la lesi\u00f3n que sufri\u00f3 el d\u00eda de ayer, en la victoria de la Champions League.<\/p>\n<p>El canterano, que fue de inicio en el duelo ante el conjunto del BATE Borisov, tuvo que salir a los pocos minutos de arrancado el juego, por una molestia en la pierna izquierda; dejando su lugar a Ivan Rakitic.<\/p>\n<p style=\"text-align: center;\"><strong><span style=\"color: #3366ff;\"><a style=\"color: #3366ff;\" href=\"http:\/\/futboltotal.com.mx\/2015\/10\/rakitic-luce-y-firma-doblete-con-el-barcelona\/\">LEER M\u00c1S: Revive la victoria del Barcelona en Champions League<\/a><\/span><\/strong><\/p>\n<p>Las evaluaciones medicas que se le hicieron a Roberto arrojaron que se gener\u00f3 un estiramiento en el tend\u00f3n de aductor de la pierna izquierda, por lo que ser\u00eda baja del equipo por m\u00e1ximo de diez d\u00edas.<\/p>\n<p>Dicha lesi\u00f3n priva a <strong>Sergi Roberto<\/strong> de los partidos ligueros ante el Eibar y ante el Getafe, adem\u00e1s del duelo de la Copa del Rey, ante el Villanovense.<\/p>\n<p><strong>Barcelona<\/strong> apenas hab\u00eda recuperado a Thomas Vermaelen, Luis Su\u00e1rez y Adriano quienes, de hecho, estuvieron presentes en el duelo de Champions, pero ahora, la baja de <strong>Sergi Roberto<\/strong> se suma a las de Andr\u00e9s Iniesta y Lionel Messi, a quienes a\u00fan les quedan un promedio de dos semanas m\u00e1s para poder estar a las \u00f3rdenes del t\u00e9cnico catal\u00e1n Luis Enrique.<\/p>\n","protected":false},"excerpt":{"rendered":"<p>El canterano se perder\u00eda tres encuentros<\/p>\n","protected":false},"author":20,"featured_media":326412,"comment_status":"open","ping_status":"open","sticky":false,"template":"","format":"standard","meta":[],"categories":[3839],"tags":[5984,6340,36,6339],"_links":{"self":[{"href":"http:\/\/desarrollo.grupomedios.com\/futbol\/wp-json\/wp\/v2\/posts\/326411"}],"collection":[{"href":"http:\/\/desarrollo.grupomedios.com\/futbol\/wp-json\/wp\/v2\/posts"}],"about":[{"href":"http:\/\/desarrollo.grupomedios.com\/futbol\/wp-json\/wp\/v2\/types\/post"}],"author":[{"embeddable":true,"href":"http:\/\/desarrollo.grupomedios.com\/futbol\/wp-json\/wp\/v2\/users\/20"}],"replies":[{"embeddable":true,"href":"http:\/\/desarrollo.grupomedios.com\/futbol\/wp-json\/wp\/v2\/comments?post=326411"}],"version-history":[{"count":0,"href":"http:\/\/desarrollo.grupomedios.com\/futbol\/wp-json\/wp\/v2\/posts\/326411\/revisions"}],"wp:featuredmedia":[{"embeddable":true,"href":"http:\/\/desarrollo.grupomedios.com\/futbol\/wp-json\/wp\/v2\/media\/326412"}],"wp:attachment":[{"href":"http:\/\/desarrollo.grupomedios.com\/futbol\/wp-json\/wp\/v2\/media?parent=326411"}],"wp:term":[{"taxonomy":"category","embeddable":true,"href":"http:\/\/desarrollo.grupomedios.com\/futbol\/wp-json\/wp\/v2\/categories?post=326411"},{"taxonomy":"post_tag","embeddable":true,"href":"http:\/\/desarrollo.grupomedios.com\/futbol\/wp-json\/wp\/v2\/tags?post=326411"}],"curies":[{"name":"wp","href":"https:\/\/api.w.org\/{rel}","templated":true}]}}