{"id":326827,"date":"2015-10-22T08:48:28","date_gmt":"2015-10-22T13:48:28","guid":{"rendered":"http:\/\/futboltotal.com.mx\/?p=326827"},"modified":"2015-10-27T09:43:37","modified_gmt":"2015-10-27T14:43:37","slug":"5-cracks-mundiales-que-no-pudo-fichar-arsene-wenger-con-arsenal","status":"publish","type":"post","link":"http:\/\/desarrollo.grupomedios.com\/futbol\/futbol-internacional\/5-cracks-mundiales-que-no-pudo-fichar-arsene-wenger-con-arsenal\/2015\/10","title":{"rendered":"5 cracks que no pudo fichar Arsene Wenger con Arsenal"},"content":{"rendered":"<p><strong>Arsene Wenger<\/strong> (Estrasburgo, Francia, 22 de octubre de 1949) es un erudito del futbol actual que desafortunadamente no recibe los elogios que merece su historial. A veces los cr\u00edticos olvidan que no todo se puede ganar y pese que sus equipos adoptan un estilo de juego din\u00e1mico, vertiginoso y privilegiando el dominio absoluto de la esf\u00e9rica, los vituperios saltan directo a los rotativos en la Gran Breta\u00f1a\u00a0por los pocos t\u00edtulos que ostenta en su historial, eso, pese a ser <a href=\"http:\/\/futboltotal.com.mx\/2015\/10\/5-grandes-descubrimientos-de-arsene-wenger-con-arsenal\/\">el t\u00e9cnico m\u00e1s ganador en la historia del <strong>Arsenal<\/strong><\/a>.<\/p>\n<p>En 2003-2004 los <em>Gunners<\/em> se coronaron como los \u00fanicos campeones perfectos en <em>Premier League<\/em>, haza\u00f1a in\u00e9dita y casi irrepetible. Por eso, \u00a0todos esos achaques a <strong>Arsene Wenger<\/strong> son m\u00e1s que severos, sobre todo, teniendo en cuenta que privilegia el desarrollo de la cantera o de los j\u00f3venes provenientes de equipos de menor envergadura para transformarlos en <em>cracks<\/em>, una postura que tiene un tanto que ver por los sonados desaires a los que debi\u00f3 pasar p\u00e1gina para mutar sus plantillas.<\/p>\n<p>Y es que durante el extenso andar de <strong>Arsene Wenger<\/strong> en el <strong>Arsenal<\/strong> pudo sumar m\u00e1s sonrisas, t\u00edtulos y festejos, pero varios le hicieron pasar disgustos en el momento de las transferencias. En el cumplea\u00f1os del prestigioso estratega franc\u00e9s, repasamos los\u00a05 cracks mundiales que no pudo fichar para los <em>Gunners<\/em>.<\/p>\n<p><img decoding=\"async\" class=\"alwaysThinglink\" style=\"max-width: 100%;\" src=\"\/\/cdn.thinglink.me\/api\/image\/713453957158010880\/1024\/10\/scaletowidth#tl-713453957158010880;1043138249'\" alt=\"5 cracks que no pudo fichar Arsene Wenger con Arsenal 0\" \/><script src=\"\/\/cdn.thinglink.me\/jse\/embed.js\" async=\"\" charset=\"utf-8\"><\/script><\/p>\n<p style=\"text-align: center;\"><span style=\"color: #3366ff;\"><strong><a style=\"color: #3366ff;\" href=\"http:\/\/futboltotal.com.mx\/2015\/10\/5-grandes-descubrimientos-de-arsene-wenger-con-arsenal\/\">LEER M\u00c1S: 5 grandes descubrimientos de Arsene Wenger con Arsenal<\/a><\/strong><\/span><\/p>\n","protected":false},"excerpt":{"rendered":"<p>Varias transacciones se le escaparon de manera inaudita<\/p>\n","protected":false},"author":20,"featured_media":325824,"comment_status":"open","ping_status":"open","sticky":false,"template":"","format":"standard","meta":[],"categories":[3839,3846,6381,5951],"tags":[6044,2177],"_links":{"self":[{"href":"http:\/\/desarrollo.grupomedios.com\/futbol\/wp-json\/wp\/v2\/posts\/326827"}],"collection":[{"href":"http:\/\/desarrollo.grupomedios.com\/futbol\/wp-json\/wp\/v2\/posts"}],"about":[{"href":"http:\/\/desarrollo.grupomedios.com\/futbol\/wp-json\/wp\/v2\/types\/post"}],"author":[{"embeddable":true,"href":"http:\/\/desarrollo.grupomedios.com\/futbol\/wp-json\/wp\/v2\/users\/20"}],"replies":[{"embeddable":true,"href":"http:\/\/desarrollo.grupomedios.com\/futbol\/wp-json\/wp\/v2\/comments?post=326827"}],"version-history":[{"count":0,"href":"http:\/\/desarrollo.grupomedios.com\/futbol\/wp-json\/wp\/v2\/posts\/326827\/revisions"}],"wp:featuredmedia":[{"embeddable":true,"href":"http:\/\/desarrollo.grupomedios.com\/futbol\/wp-json\/wp\/v2\/media\/325824"}],"wp:attachment":[{"href":"http:\/\/desarrollo.grupomedios.com\/futbol\/wp-json\/wp\/v2\/media?parent=326827"}],"wp:term":[{"taxonomy":"category","embeddable":true,"href":"http:\/\/desarrollo.grupomedios.com\/futbol\/wp-json\/wp\/v2\/categories?post=326827"},{"taxonomy":"post_tag","embeddable":true,"href":"http:\/\/desarrollo.grupomedios.com\/futbol\/wp-json\/wp\/v2\/tags?post=326827"}],"curies":[{"name":"wp","href":"https:\/\/api.w.org\/{rel}","templated":true}]}}