{"id":326892,"date":"2015-10-22T10:19:41","date_gmt":"2015-10-22T15:19:41","guid":{"rendered":"http:\/\/futboltotal.com.mx\/?p=326892"},"modified":"2015-10-22T13:14:37","modified_gmt":"2015-10-22T18:14:37","slug":"clonan-a-schweinsteiger-en-muneco-nazi","status":"publish","type":"post","link":"http:\/\/desarrollo.grupomedios.com\/futbol\/futbol-internacional\/clonan-a-schweinsteiger-en-muneco-nazi\/2015\/10","title":{"rendered":"Clonan a Schweinsteiger en mu\u00f1eco nazi"},"content":{"rendered":"<p>El mediocampista alem\u00e1n <strong>Bastian Schweinsteiger <\/strong>pidi\u00f3 retirar del mercado un mu\u00f1eco nazi que tiene un gran parecido con \u00e9l y que fue fabricado por una empresa china, misma que ha comenzado a comercializarlo y a generar no solo ganancias importantes, sino que la gente comience a creer que el mismo fue quien autoriz\u00f3 su distribuci\u00f3n como parte de alg\u00fan contrato comercial.<\/p>\n<p>En Alemania, el diario <em>Bild<\/em> public\u00f3 una fotograf\u00eda en la que aparece <strong>Bastian Schweinsteiger<\/strong> y la figura de colecci\u00f3n, la cual tiene uniforme del ej\u00e9rcito alem\u00e1n y luce una esv\u00e1stica en el pecho. La cara del mu\u00f1eco tiene pr\u00e1cticamente los mismos rasgos faciales que el mediocampista y adem\u00e1s se llama Bastian.<\/p>\n<p><a href=\"http:\/\/futboltotal.com.mx\/wp-content\/uploads\/2015\/10\/Bastian-muneco.jpg\"><img decoding=\"async\" loading=\"lazy\" class=\"alignnone size-full wp-image-326898\" src=\"http:\/\/futboltotal.com.mx\/wp-content\/uploads\/2015\/10\/Bastian-muneco.jpg\" alt=\"Bastian-muneco\" srcset=\"http:\/\/desarrollo.grupomedios.com\/futbol\/wp-content\/uploads\/2015\/10\/Bastian-muneco.jpg 820w, http:\/\/desarrollo.grupomedios.com\/futbol\/wp-content\/uploads\/2015\/10\/Bastian-muneco-300x201.jpg 300w\" sizes=\"(max-width: 820px) 100vw, 820px\" \/><\/a><\/p>\n<p>La situaci\u00f3n no ha pasado desapercibida por el jugador del Manchester United, quien inciar\u00e1 un proceso legal para frenar su distribuci\u00f3n. &#8220;Emprenderemos acciones legales, de nuestra parte no hay nada m\u00e1s que decir&#8221;, dijo un portavoz de Schweinteiger.<\/p>\n<p>Por su parte, la empresa de origen chino, dedicada a realizar figuras con personajes hist\u00f3ricos como Napol\u00f3n o Stalin,\u00a0 asegur\u00f3 que &#8220;la fabricaci\u00f3n de la figura no est\u00e1 inspirada en el alem\u00e1n&#8221;.<\/p>\n<p>&nbsp;<\/p>\n","protected":false},"excerpt":{"rendered":"<p>El mediocampista emprender\u00e1 acciones legales contra una empresa china <\/p>\n","protected":false},"author":20,"featured_media":326895,"comment_status":"open","ping_status":"open","sticky":false,"template":"","format":"standard","meta":[],"categories":[3839],"tags":[5746],"_links":{"self":[{"href":"http:\/\/desarrollo.grupomedios.com\/futbol\/wp-json\/wp\/v2\/posts\/326892"}],"collection":[{"href":"http:\/\/desarrollo.grupomedios.com\/futbol\/wp-json\/wp\/v2\/posts"}],"about":[{"href":"http:\/\/desarrollo.grupomedios.com\/futbol\/wp-json\/wp\/v2\/types\/post"}],"author":[{"embeddable":true,"href":"http:\/\/desarrollo.grupomedios.com\/futbol\/wp-json\/wp\/v2\/users\/20"}],"replies":[{"embeddable":true,"href":"http:\/\/desarrollo.grupomedios.com\/futbol\/wp-json\/wp\/v2\/comments?post=326892"}],"version-history":[{"count":0,"href":"http:\/\/desarrollo.grupomedios.com\/futbol\/wp-json\/wp\/v2\/posts\/326892\/revisions"}],"wp:featuredmedia":[{"embeddable":true,"href":"http:\/\/desarrollo.grupomedios.com\/futbol\/wp-json\/wp\/v2\/media\/326895"}],"wp:attachment":[{"href":"http:\/\/desarrollo.grupomedios.com\/futbol\/wp-json\/wp\/v2\/media?parent=326892"}],"wp:term":[{"taxonomy":"category","embeddable":true,"href":"http:\/\/desarrollo.grupomedios.com\/futbol\/wp-json\/wp\/v2\/categories?post=326892"},{"taxonomy":"post_tag","embeddable":true,"href":"http:\/\/desarrollo.grupomedios.com\/futbol\/wp-json\/wp\/v2\/tags?post=326892"}],"curies":[{"name":"wp","href":"https:\/\/api.w.org\/{rel}","templated":true}]}}