{"id":327013,"date":"2015-10-23T10:06:23","date_gmt":"2015-10-23T15:06:23","guid":{"rendered":"http:\/\/futboltotal.com.mx\/?p=327013"},"modified":"2015-10-23T13:43:07","modified_gmt":"2015-10-23T18:43:07","slug":"sucesos-que-marcaron-el-clasico-tapatio","status":"publish","type":"post","link":"http:\/\/desarrollo.grupomedios.com\/futbol\/futbol-mexicano\/sucesos-que-marcaron-el-clasico-tapatio\/2015\/10","title":{"rendered":"Sucesos que marcaron el Cl\u00e1sico Tapat\u00edo"},"content":{"rendered":"<p>Ma\u00f1ana se vivir\u00e1 una edici\u00f3n m\u00e1s del <strong>Cl\u00e1sico Tapat\u00edo<\/strong> entre Chivas y Atlas; un enfrentamiento que divide opini\u00f3n en todo el estado de Jalisco y que llena de pasi\u00f3n futbolera a la afici\u00f3n mexicana.<\/p>\n<p>Ambas plantillas tienen cosas que presumir, y otras cosas que son utilizadas por su ac\u00e9rrimo rival con objeto de burla deportiva; pero no cabe duda que ambos planteles sudan la camiseta cada vez que ven enfrente la el\u00e1stica <em>rojiblanca<\/em> y <em>rojinegra<\/em>.<\/p>\n<p>Dicen los aficionados de anta\u00f1o, que este duelo ya estaba pr\u00f3ximo a decretarse, desde antes de que existieran ambos planteles. La fundaci\u00f3n de las Chivas se dio en 1906, y la del Atlas en 1916, como respuesta a la diferencia de clases sociales con los gustosos del futbol en la Liga Amateur de Jalisco (Chivas representaba a la clase media y Atlas representar\u00eda a la clase alta).<\/p>\n<p>Con el odio deportivo como m\u00e1ximo protagonista, te presentamos los momentos que le dieron sabor a este <strong>Cl\u00e1sico Tapat\u00edo<\/strong>\u2026<\/p>\n<p><iframe loading=\"lazy\" style=\"height: 650px;\" src=\"\/\/cdn.knightlab.com\/libs\/timeline3\/latest\/embed\/index.html?source=1wwMD9z6IWhtpHHsLmeHNxU5F43CpYz9bPzmK21waRZo&amp;font=Default&amp;lang=en&amp;initial_zoom=2&amp;height=650\" width=\"100%\" frameborder=\"0\"><\/iframe><\/p>\n","protected":false},"excerpt":{"rendered":"<p>Atlas y Chivas vivir\u00e1n una edici\u00f3n m\u00e1s del Cl\u00e1sico Tapat\u00edo<\/p>\n","protected":false},"author":20,"featured_media":327299,"comment_status":"open","ping_status":"open","sticky":false,"template":"","format":"standard","meta":[],"categories":[2198,3845,5950],"tags":[5961,70,1418,265],"_links":{"self":[{"href":"http:\/\/desarrollo.grupomedios.com\/futbol\/wp-json\/wp\/v2\/posts\/327013"}],"collection":[{"href":"http:\/\/desarrollo.grupomedios.com\/futbol\/wp-json\/wp\/v2\/posts"}],"about":[{"href":"http:\/\/desarrollo.grupomedios.com\/futbol\/wp-json\/wp\/v2\/types\/post"}],"author":[{"embeddable":true,"href":"http:\/\/desarrollo.grupomedios.com\/futbol\/wp-json\/wp\/v2\/users\/20"}],"replies":[{"embeddable":true,"href":"http:\/\/desarrollo.grupomedios.com\/futbol\/wp-json\/wp\/v2\/comments?post=327013"}],"version-history":[{"count":0,"href":"http:\/\/desarrollo.grupomedios.com\/futbol\/wp-json\/wp\/v2\/posts\/327013\/revisions"}],"wp:featuredmedia":[{"embeddable":true,"href":"http:\/\/desarrollo.grupomedios.com\/futbol\/wp-json\/wp\/v2\/media\/327299"}],"wp:attachment":[{"href":"http:\/\/desarrollo.grupomedios.com\/futbol\/wp-json\/wp\/v2\/media?parent=327013"}],"wp:term":[{"taxonomy":"category","embeddable":true,"href":"http:\/\/desarrollo.grupomedios.com\/futbol\/wp-json\/wp\/v2\/categories?post=327013"},{"taxonomy":"post_tag","embeddable":true,"href":"http:\/\/desarrollo.grupomedios.com\/futbol\/wp-json\/wp\/v2\/tags?post=327013"}],"curies":[{"name":"wp","href":"https:\/\/api.w.org\/{rel}","templated":true}]}}