{"id":327020,"date":"2015-10-22T17:41:46","date_gmt":"2015-10-22T22:41:46","guid":{"rendered":"http:\/\/futboltotal.com.mx\/?p=327020"},"modified":"2015-10-23T12:23:00","modified_gmt":"2015-10-23T17:23:00","slug":"la-jugada-de-fantasia-de-amel-majri","status":"publish","type":"post","link":"http:\/\/desarrollo.grupomedios.com\/futbol\/videos\/la-jugada-de-fantasia-de-amel-majri\/2015\/10","title":{"rendered":"Jugada de fantas\u00eda al estilo Neymar y Varane"},"content":{"rendered":"<p>La seleccionada francesa<strong> Amel Majri, <\/strong>quien milita en el Olympique Lyon, deleit\u00f3 a sus compa\u00f1eras de la selecci\u00f3n al realizar un gran gesto t\u00e9cnico durante un entrenamiento, curiosamente, el mismo que en su momento presumi\u00f3 su connacional Raphael Varane durante una pr\u00e1ctica con <em>Les Bleus<\/em>. El control de bal\u00f3n es muy utilizado en el <em>freestyle <\/em>y se realiza colocando la pierna con la que se recepciona detr\u00e1s de la pierna de apoyo para controlar con la parte interna. Neymar es otro de los que utiliza esta aut\u00e9ntica jugada de fantas\u00eda.<\/p>\n<p><iframe loading=\"lazy\" src=\"https:\/\/www.youtube.com\/embed\/iASH61L-8V0\" frameborder=\"0\" allowfullscreen=\"allowfullscreen\"><\/iframe><\/p>\n","protected":false},"excerpt":{"rendered":"<p>La jugadora francesa Amel Majri se luci\u00f3 en un entrenamiento de su selecci\u00f3n<\/p>\n","protected":false},"author":20,"featured_media":327028,"comment_status":"open","ping_status":"open","sticky":false,"template":"","format":"standard","meta":[],"categories":[3839,4],"tags":[6351,6001,2674],"_links":{"self":[{"href":"http:\/\/desarrollo.grupomedios.com\/futbol\/wp-json\/wp\/v2\/posts\/327020"}],"collection":[{"href":"http:\/\/desarrollo.grupomedios.com\/futbol\/wp-json\/wp\/v2\/posts"}],"about":[{"href":"http:\/\/desarrollo.grupomedios.com\/futbol\/wp-json\/wp\/v2\/types\/post"}],"author":[{"embeddable":true,"href":"http:\/\/desarrollo.grupomedios.com\/futbol\/wp-json\/wp\/v2\/users\/20"}],"replies":[{"embeddable":true,"href":"http:\/\/desarrollo.grupomedios.com\/futbol\/wp-json\/wp\/v2\/comments?post=327020"}],"version-history":[{"count":0,"href":"http:\/\/desarrollo.grupomedios.com\/futbol\/wp-json\/wp\/v2\/posts\/327020\/revisions"}],"wp:featuredmedia":[{"embeddable":true,"href":"http:\/\/desarrollo.grupomedios.com\/futbol\/wp-json\/wp\/v2\/media\/327028"}],"wp:attachment":[{"href":"http:\/\/desarrollo.grupomedios.com\/futbol\/wp-json\/wp\/v2\/media?parent=327020"}],"wp:term":[{"taxonomy":"category","embeddable":true,"href":"http:\/\/desarrollo.grupomedios.com\/futbol\/wp-json\/wp\/v2\/categories?post=327020"},{"taxonomy":"post_tag","embeddable":true,"href":"http:\/\/desarrollo.grupomedios.com\/futbol\/wp-json\/wp\/v2\/tags?post=327020"}],"curies":[{"name":"wp","href":"https:\/\/api.w.org\/{rel}","templated":true}]}}