{"id":327218,"date":"2015-10-23T10:34:37","date_gmt":"2015-10-23T15:34:37","guid":{"rendered":"http:\/\/futboltotal.com.mx\/?p=327218"},"modified":"2015-10-23T10:34:37","modified_gmt":"2015-10-23T15:34:37","slug":"carlos-bustos-candidato-para-dt-de-xolos","status":"publish","type":"post","link":"http:\/\/desarrollo.grupomedios.com\/futbol\/futbol-mexicano\/carlos-bustos-candidato-para-dt-de-xolos\/2015\/10","title":{"rendered":"Carlos Bustos, candidato para DT de Xolos"},"content":{"rendered":"<p>Pese a que el t\u00e9cnico argentino <strong>Carlos Bustos<\/strong> fue cesado de Dorados de Sinaloa este Apertura 2015, podr\u00eda reaparecer en el otro equipo de Grupo Caliente, los <strong>Xolos<\/strong> de Tijuana para el Clausura 2016.<\/p>\n<p style=\"text-align: center;\"><span style=\"color: #3366ff;\"><a style=\"color: #3366ff;\" href=\"http:\/\/futboltotal.com.mx\/2015\/10\/raul-chabrand-al-banquillo-de-xolos-de-tijuana\/\" target=\"_blank\"><strong>LEER M\u00c1S: Xolos anuncia DT nuevo<\/strong><\/a><\/span><\/p>\n<p>Seg\u00fan reporta David Medrano, Bustos impresion\u00f3 a los directivos con su estilo de trabajo. Ante la salida de Rub\u00e9n Omar Romano del cuadro de los <strong>Xolos<\/strong>, el argentino podr\u00eda recalar en la frontera norte para el siguiente torneo.<\/p>\n<p>La primera opci\u00f3n para <strong>Xolos<\/strong> al terminar el torneo es y ser\u00e1 el ext\u00e9cnico de la Selecci\u00f3n Nacional, Miguel Herrera, quien ser\u00eda el DT mejor pagado en la corta historia de la franquicia si llegase a aceptar la oferta. Antonio Mohamed tambi\u00e9n ser\u00e1 sondeado si en Monterrey no es requerido despu\u00e9s del actual torneo. De ah\u00ed, Bustos aparece como la opci\u00f3n m\u00e1s viable para el cuadro norte\u00f1o, ya que ser\u00eda una opci\u00f3n probada pero que no comandar\u00eda un salario alto.<\/p>\n<p>En Sinaloa, Bustos logr\u00f3 el ascenso para el equipo costero, pero en su primer torneo en la Liga MX con Dorados, apenas logr\u00f3 dos victorias en diez encuentros, antes de ser reemplazado por el colombiano Luis Fernando Su\u00e1rez.<\/p>\n<p><span style=\"color: #ff0000;\"><strong>VIDEO: Agenda de TV |\u00a0Liga MX, Jornada 14<\/strong><\/span><\/p>\n<p>[video_player]https:\/\/player.vimeo.com\/external\/142944699.hd.mp4?s=a055e488a9aa444b2b0a9491d960dfdc&amp;profile_id=113[\/video_player]<\/p>\n","protected":false},"excerpt":{"rendered":"<p>El argentino est\u00e1 reci\u00e9n desligado de Dorados<\/p>\n","protected":false},"author":20,"featured_media":316665,"comment_status":"open","ping_status":"open","sticky":false,"template":"","format":"standard","meta":[],"categories":[2198,3845,5950],"tags":[5974,1673],"_links":{"self":[{"href":"http:\/\/desarrollo.grupomedios.com\/futbol\/wp-json\/wp\/v2\/posts\/327218"}],"collection":[{"href":"http:\/\/desarrollo.grupomedios.com\/futbol\/wp-json\/wp\/v2\/posts"}],"about":[{"href":"http:\/\/desarrollo.grupomedios.com\/futbol\/wp-json\/wp\/v2\/types\/post"}],"author":[{"embeddable":true,"href":"http:\/\/desarrollo.grupomedios.com\/futbol\/wp-json\/wp\/v2\/users\/20"}],"replies":[{"embeddable":true,"href":"http:\/\/desarrollo.grupomedios.com\/futbol\/wp-json\/wp\/v2\/comments?post=327218"}],"version-history":[{"count":0,"href":"http:\/\/desarrollo.grupomedios.com\/futbol\/wp-json\/wp\/v2\/posts\/327218\/revisions"}],"wp:featuredmedia":[{"embeddable":true,"href":"http:\/\/desarrollo.grupomedios.com\/futbol\/wp-json\/wp\/v2\/media\/316665"}],"wp:attachment":[{"href":"http:\/\/desarrollo.grupomedios.com\/futbol\/wp-json\/wp\/v2\/media?parent=327218"}],"wp:term":[{"taxonomy":"category","embeddable":true,"href":"http:\/\/desarrollo.grupomedios.com\/futbol\/wp-json\/wp\/v2\/categories?post=327218"},{"taxonomy":"post_tag","embeddable":true,"href":"http:\/\/desarrollo.grupomedios.com\/futbol\/wp-json\/wp\/v2\/tags?post=327218"}],"curies":[{"name":"wp","href":"https:\/\/api.w.org\/{rel}","templated":true}]}}