{"id":327288,"date":"2015-10-23T13:37:17","date_gmt":"2015-10-23T18:37:17","guid":{"rendered":"http:\/\/futboltotal.com.mx\/?p=327288"},"modified":"2015-10-23T13:38:36","modified_gmt":"2015-10-23T18:38:36","slug":"gobierno-del-estado-cancelaria-clasico-tapatio","status":"publish","type":"post","link":"http:\/\/desarrollo.grupomedios.com\/futbol\/futbol-mexicano\/gobierno-del-estado-cancelaria-clasico-tapatio\/2015\/10","title":{"rendered":"Gobierno del Estado cancelar\u00eda Cl\u00e1sico Tapat\u00edo"},"content":{"rendered":"<p>Despu\u00e9s de conocer que el <strong>Hurac\u00e1n Patricia<\/strong>, tocar\u00e1 costas mexicanas, ser\u00e1 el Gobierno del Estado de Jalisco quien decida si el <strong>Cl\u00e1sico Tapat\u00edo<\/strong> entre Chivas y Atlas, se <strong>cancela<\/strong> o no.<\/p>\n<p>El fen\u00f3meno meteorol\u00f3gico, catalogado como el m\u00e1s peligroso en la historia por Roberto Ram\u00edrez, director de la Comisi\u00f3n Nacional de Agua, traer\u00eda lluvias torrenciales en el estado, adem\u00e1s de vientos superiores a los 200 kil\u00f3metros por hora.<\/p>\n<p style=\"text-align: center;\"><strong><span style=\"color: #3366ff;\"><a style=\"color: #3366ff;\" href=\"http:\/\/futboltotal.com.mx\/2015\/10\/sucesos-que-marcaron-el-clasico-tapatio\/\">LEER M\u00c1S: Sucesos que marcaron el Cl\u00e1sico Tapat\u00edo<\/a><\/span><\/strong><\/p>\n<p>Por dicha situaci\u00f3n, se ha dejado la decisi\u00f3n de jugarse el <strong>Cl\u00e1sico Tapat\u00edo<\/strong>, cuya sede ser\u00e1 el estadio Jalisco (ubicado a 300 km de las costas), al Gobierno del Estado; la cual se dar\u00eda en unas pocas horas, con la seguridad, casi total, de que el partido sea aplazado, hasta tener las condiciones necesarias.<\/p>\n<p>Uno de los que se pronunci\u00f3 ante tal situaci\u00f3n fue el entrenador de los Zorros, Gustavo Matosas, quien solicit\u00f3 a las directivas de clubes y otras instancias a velar por la seguridad de todos los asistentes al evento.<\/p>\n<p>&#8220;Las Federaciones y los clubes tiene que ser muy responsables, para que no se corra ning\u00fan riesgo&#8221;, coment\u00f3.<\/p>\n<p>A pesar de que varios pron\u00f3sticos dictan que el Hurac\u00e1n perder\u00eda fuerza al tocar las costas del Pac\u00edfico, que se dar\u00eda en unas horas, es inevitable que lleguen sus afectaciones a parte del centro de la rep\u00fablica, afectando directamente a Colima, Nayarit y Jalisco.<\/p>\n","protected":false},"excerpt":{"rendered":"<p>Por condiciones climatol\u00f3gicas, Gobierno de Jalisco pospondr\u00eda juego<\/p>\n","protected":false},"author":20,"featured_media":327292,"comment_status":"open","ping_status":"open","sticky":false,"template":"","format":"standard","meta":[],"categories":[2198,3845,5950],"tags":[6362,1418,6361],"_links":{"self":[{"href":"http:\/\/desarrollo.grupomedios.com\/futbol\/wp-json\/wp\/v2\/posts\/327288"}],"collection":[{"href":"http:\/\/desarrollo.grupomedios.com\/futbol\/wp-json\/wp\/v2\/posts"}],"about":[{"href":"http:\/\/desarrollo.grupomedios.com\/futbol\/wp-json\/wp\/v2\/types\/post"}],"author":[{"embeddable":true,"href":"http:\/\/desarrollo.grupomedios.com\/futbol\/wp-json\/wp\/v2\/users\/20"}],"replies":[{"embeddable":true,"href":"http:\/\/desarrollo.grupomedios.com\/futbol\/wp-json\/wp\/v2\/comments?post=327288"}],"version-history":[{"count":0,"href":"http:\/\/desarrollo.grupomedios.com\/futbol\/wp-json\/wp\/v2\/posts\/327288\/revisions"}],"wp:featuredmedia":[{"embeddable":true,"href":"http:\/\/desarrollo.grupomedios.com\/futbol\/wp-json\/wp\/v2\/media\/327292"}],"wp:attachment":[{"href":"http:\/\/desarrollo.grupomedios.com\/futbol\/wp-json\/wp\/v2\/media?parent=327288"}],"wp:term":[{"taxonomy":"category","embeddable":true,"href":"http:\/\/desarrollo.grupomedios.com\/futbol\/wp-json\/wp\/v2\/categories?post=327288"},{"taxonomy":"post_tag","embeddable":true,"href":"http:\/\/desarrollo.grupomedios.com\/futbol\/wp-json\/wp\/v2\/tags?post=327288"}],"curies":[{"name":"wp","href":"https:\/\/api.w.org\/{rel}","templated":true}]}}