{"id":327301,"date":"2015-10-23T13:55:24","date_gmt":"2015-10-23T18:55:24","guid":{"rendered":"http:\/\/futboltotal.com.mx\/?p=327301"},"modified":"2015-10-23T13:55:24","modified_gmt":"2015-10-23T18:55:24","slug":"dorados-y-tigres-podrian-aplazar-su-partido","status":"publish","type":"post","link":"http:\/\/desarrollo.grupomedios.com\/futbol\/futbol-mexicano\/dorados-y-tigres-podrian-aplazar-su-partido\/2015\/10","title":{"rendered":"Dorados y Tigres podr\u00edan aplazar su partido"},"content":{"rendered":"<p>Considerado como el peor <strong>hurac\u00e1n <\/strong>en la historia de M\u00e9xico, <strong>Patricia<\/strong> tambi\u00e9n podr\u00eda afectar al futbol, pues se analiza suspender el partido entre <a href=\"http:\/\/futboltotal.com.mx\/equipos\/dorados-de-sinaloa\/\" target=\"_blank\"><strong>Dorados<\/strong><\/a> y <a href=\"http:\/\/futboltotal.com.mx\/equipos\/tigres\/\" target=\"_blank\"><strong>Tigres<\/strong><\/a> que se tiene pactado para celebrarse el s\u00e1bado 24 de octubre en punto de las 21:00 horas en el estadio Banorte.<\/p>\n<p>La directivas de las dos escuadras estudian la posibilidad de posponer el encuentro, pues el Sistema Nacional de Protecci\u00f3n Civil (Sinaproc) mantiene las alertas roja, naranja, amarilla, verde y azul en 12 estados del pa\u00eds.<\/p>\n<p style=\"text-align: center;\"><span style=\"color: #3366ff;\"><strong><a style=\"color: #3366ff;\" href=\"http:\/\/futboltotal.com.mx\/2015\/10\/huracan-patricia-afectara-jornada-de-liga-mx\/\" target=\"_blank\">LEER M\u00c1S: Hurac\u00e1n Patricia afectar\u00e1 a la Liga MX<\/a><\/strong><\/span><\/p>\n<p>El organismo se\u00f1al\u00f3 que estados como Sinaloa y Durango se encuentran en alerta verde en fase de acercamiento, aunque el peligro es bajo, Protecci\u00f3n Civil recomend\u00f3 podar \u00e1rboles que obstruyan cables de energ\u00eda el\u00e9ctrica y todo lo que pueda representar un peligro.<\/p>\n<p>El <strong>hurac\u00e1n Patricia<\/strong> es de categor\u00eda 5 en la escala Saffir-Simpson, de momento se ubica a 235 kil\u00f3metros al suroeste de Manzanillo, Colima, con desplazamiento hacia el nor-noroeste con vientos de 325 kil\u00f3metros por hora.<\/p>\n<p>En caso que se suspenda el partido, <strong>Dorados<\/strong> tendr\u00e1 su segundo cotejo pendiente, pues a\u00fan le falta por disputar el cotejo frente al Veracruz de la jornada 12 que se cancelara por las fuertes lluvias que azotaron la casa del <em>Gran Pez.<\/em><\/p>\n<p><span style=\"color: #ff0000;\"><strong>VIDEO: Agenda de TV | Jornada 14, Liga MX<\/strong><\/span><\/p>\n<p>[video_player]https:\/\/player.vimeo.com\/external\/142944699.hd.mp4?s=a055e488a9aa444b2b0a9491d960dfdc&amp;profile_id=113[\/video_player]<\/p>\n","protected":false},"excerpt":{"rendered":"<p>Esto por el Hurac\u00e1n Patricia <\/p>\n","protected":false},"author":20,"featured_media":327304,"comment_status":"open","ping_status":"open","sticky":false,"template":"","format":"standard","meta":[],"categories":[2198,3845,5950],"tags":[759,6361,5973],"_links":{"self":[{"href":"http:\/\/desarrollo.grupomedios.com\/futbol\/wp-json\/wp\/v2\/posts\/327301"}],"collection":[{"href":"http:\/\/desarrollo.grupomedios.com\/futbol\/wp-json\/wp\/v2\/posts"}],"about":[{"href":"http:\/\/desarrollo.grupomedios.com\/futbol\/wp-json\/wp\/v2\/types\/post"}],"author":[{"embeddable":true,"href":"http:\/\/desarrollo.grupomedios.com\/futbol\/wp-json\/wp\/v2\/users\/20"}],"replies":[{"embeddable":true,"href":"http:\/\/desarrollo.grupomedios.com\/futbol\/wp-json\/wp\/v2\/comments?post=327301"}],"version-history":[{"count":0,"href":"http:\/\/desarrollo.grupomedios.com\/futbol\/wp-json\/wp\/v2\/posts\/327301\/revisions"}],"wp:featuredmedia":[{"embeddable":true,"href":"http:\/\/desarrollo.grupomedios.com\/futbol\/wp-json\/wp\/v2\/media\/327304"}],"wp:attachment":[{"href":"http:\/\/desarrollo.grupomedios.com\/futbol\/wp-json\/wp\/v2\/media?parent=327301"}],"wp:term":[{"taxonomy":"category","embeddable":true,"href":"http:\/\/desarrollo.grupomedios.com\/futbol\/wp-json\/wp\/v2\/categories?post=327301"},{"taxonomy":"post_tag","embeddable":true,"href":"http:\/\/desarrollo.grupomedios.com\/futbol\/wp-json\/wp\/v2\/tags?post=327301"}],"curies":[{"name":"wp","href":"https:\/\/api.w.org\/{rel}","templated":true}]}}