{"id":327407,"date":"2015-10-23T18:53:11","date_gmt":"2015-10-23T23:53:11","guid":{"rendered":"http:\/\/futboltotal.com.mx\/?p=327407"},"modified":"2015-10-23T19:07:06","modified_gmt":"2015-10-24T00:07:06","slug":"huracan-patricia-tambien-afecta-a-gp-de-estados-unidos","status":"publish","type":"post","link":"http:\/\/desarrollo.grupomedios.com\/futbol\/no-todo-es-futbol\/huracan-patricia-tambien-afecta-a-gp-de-estados-unidos\/2015\/10","title":{"rendered":"Hurac\u00e1n Patricia tambi\u00e9n afecta a GP de Estados Unidos"},"content":{"rendered":"<p>El <strong>Hurac\u00e1n Patricia<\/strong> ha encendido las alarmas de diversas entidades de la Rep\u00fablica Mexicana, pero tambi\u00e9n de Estados Unidos, pues se prev\u00e9 que el impacto del siniestro tenga amplias repercusiones, entre ellas, la reprogramaci\u00f3n de distintos eventos deportivos, como el <strong>Gran Premio de Estados Unidos<\/strong>.<\/p>\n<p>Las pr\u00e1cticas del<strong> Gran Premio de Estados Unidos<\/strong> que se celebrar\u00edan este viernes 23 de octubre, fueron suspendidas por el mal clima en Austin, Texas; ya que, debido a la llegada del <strong>Hurac\u00e1n Patricia<\/strong> en combinaci\u00f3n con un frente fr\u00edo, la situaci\u00f3n en esa entidad norteamericana est\u00e1 amenazada por una tormenta el\u00e9ctrica.<\/p>\n<p style=\"text-align: center;\"><span style=\"color: #3366ff;\"><strong><a style=\"color: #3366ff;\" href=\"http:\/\/futboltotal.com.mx\/2015\/10\/oficial-suspenden-el-atlas-vs-chivas\/\" target=\"_blank\">LEER M\u00c1S: El Hurac\u00e1n Patricia provoca que suspendan el Cl\u00e1sico Tapat\u00edo.<\/a><\/strong><\/span><\/p>\n<p>El <strong>Hurac\u00e1n Patricia<\/strong> y el frente fr\u00edo n\u00famero 8 se encontraron para empeorar el clima de Austin, Texas, situaci\u00f3n por la que se pospuso la pr\u00e1ctica del <strong>GP de Estados Unidos<\/strong>, igual que las que se realizar\u00edan el s\u00e1bado 26.<\/p>\n<p>El <strong>Gran Premio de Estados Unidos<\/strong> se celebrar\u00e1 el domingo 25 de octubre, pero se analizar\u00eda posponerlo por la situaci\u00f3n del clima. &#8220;Nunca he visto llover tanto, me siento fatal por los aficionados&#8221;, se\u00f1al\u00f3 Lewis Hamilton, al respecto.<\/p>\n<p style=\"text-align: center;\"><span style=\"color: #3366ff;\"><strong><a style=\"color: #3366ff;\" href=\"http:\/\/futboltotal.com.mx\/2015\/10\/5-eventos-deportivos-afectados-por-desastre-natural\/\">LEER M\u00c1S: Eventos afectados por fen\u00f3menos sobrenaturales.<\/a><\/strong><\/span><\/p>\n<p><span style=\"color: #ff0000;\"><strong>VIDEO: Agenda de TV | Jornada 14, Liga MX<\/strong><\/span><\/p>\n<p>[video_player]https:\/\/player.vimeo.com\/external\/142944699.hd.mp4?s=a055e488a9aa444b2b0a9491d960dfdc&amp;profile_id=113[\/video_player]<\/p>\n","protected":false},"excerpt":{"rendered":"<p>Pr\u00e1cticas del Gran Premio de EU fueron suspendidas por el hurac\u00e1n<\/p>\n","protected":false},"author":20,"featured_media":327417,"comment_status":"open","ping_status":"open","sticky":false,"template":"","format":"standard","meta":[],"categories":[5810,5418],"tags":[5493,6361,5771],"_links":{"self":[{"href":"http:\/\/desarrollo.grupomedios.com\/futbol\/wp-json\/wp\/v2\/posts\/327407"}],"collection":[{"href":"http:\/\/desarrollo.grupomedios.com\/futbol\/wp-json\/wp\/v2\/posts"}],"about":[{"href":"http:\/\/desarrollo.grupomedios.com\/futbol\/wp-json\/wp\/v2\/types\/post"}],"author":[{"embeddable":true,"href":"http:\/\/desarrollo.grupomedios.com\/futbol\/wp-json\/wp\/v2\/users\/20"}],"replies":[{"embeddable":true,"href":"http:\/\/desarrollo.grupomedios.com\/futbol\/wp-json\/wp\/v2\/comments?post=327407"}],"version-history":[{"count":0,"href":"http:\/\/desarrollo.grupomedios.com\/futbol\/wp-json\/wp\/v2\/posts\/327407\/revisions"}],"wp:featuredmedia":[{"embeddable":true,"href":"http:\/\/desarrollo.grupomedios.com\/futbol\/wp-json\/wp\/v2\/media\/327417"}],"wp:attachment":[{"href":"http:\/\/desarrollo.grupomedios.com\/futbol\/wp-json\/wp\/v2\/media?parent=327407"}],"wp:term":[{"taxonomy":"category","embeddable":true,"href":"http:\/\/desarrollo.grupomedios.com\/futbol\/wp-json\/wp\/v2\/categories?post=327407"},{"taxonomy":"post_tag","embeddable":true,"href":"http:\/\/desarrollo.grupomedios.com\/futbol\/wp-json\/wp\/v2\/tags?post=327407"}],"curies":[{"name":"wp","href":"https:\/\/api.w.org\/{rel}","templated":true}]}}