{"id":327409,"date":"2015-10-23T18:35:53","date_gmt":"2015-10-23T23:35:53","guid":{"rendered":"http:\/\/futboltotal.com.mx\/?p=327409"},"modified":"2015-10-23T18:35:53","modified_gmt":"2015-10-23T23:35:53","slug":"landon-donovan-se-solidariza-con-mexico","status":"publish","type":"post","link":"http:\/\/desarrollo.grupomedios.com\/futbol\/futbol-mexicano\/landon-donovan-se-solidariza-con-mexico\/2015\/10","title":{"rendered":"Landon Donovan se solidariza con M\u00e9xico"},"content":{"rendered":"<p>Pese a que en cuestiones deportivas <strong>Landon Donovan<\/strong> y <strong>M\u00e9xico<\/strong> tienen una rivalidad memorable, el ex futbolista se solidariz\u00f3 con el pa\u00eds que est\u00e1 por afrontar el choque del <strong>hurac\u00e1n Patricia<\/strong>, considerado el m\u00e1s intenso en toda la historia de la Rep\u00fablica.<\/p>\n<p>Por medio de <em>Twitter<\/em>, el <em>Capit\u00e1n Am\u00e9rica<\/em> public\u00f3 un mensaje de apoyo y dese\u00f3 lo mejor para los mexicanos. Sin embargo, <strong>Ladon Donovan<\/strong> no es el \u00fanico en hacerlo, pues otros deportistas tambi\u00e9n mandaron sus deseos.<\/p>\n<blockquote class=\"twitter-tweet\" lang=\"es\">\n<p dir=\"ltr\" lang=\"es\">A todos Mexicanos y la gente viviendo en Mexico&#8230;cuidense por favor. Estamos pensando en ustedes. <a href=\"https:\/\/twitter.com\/hashtag\/HuracanPatricia?src=hash\">#HuracanPatricia<\/a><\/p>\n<p>\u2014 Landon Donovan (@landondonovan) <a href=\"https:\/\/twitter.com\/landondonovan\/status\/657677753513193472\">octubre 23, 2015<\/a><\/p><\/blockquote>\n<p><script src=\"\/\/platform.twitter.com\/widgets.js\" async=\"\" charset=\"utf-8\"><\/script><\/p>\n<blockquote class=\"twitter-tweet\" lang=\"es\"><p>Mi solidaridad y oraciones con mis hermanos mexicanos por el hurac\u00e1n. Extremen precauciones, sus vidas y familia son primero. <a href=\"https:\/\/twitter.com\/hashtag\/FuerzaM%C3%A9xico?src=hash\">#FuerzaM\u00e9xico<\/a> \u2014 Giovani Dos Santos (@OficialGio) <a href=\"https:\/\/twitter.com\/OficialGio\/status\/657677856131059712\">octubre 23, 2015<\/a><\/p><\/blockquote>\n<p><script src=\"\/\/platform.twitter.com\/widgets.js\" async=\"\" charset=\"utf-8\"><\/script><\/p>\n<blockquote class=\"twitter-tweet\" lang=\"es\">\n<p dir=\"ltr\" lang=\"es\">Todas mis oraciones est\u00e1n con M\u00e9xico! ???? Por favor, sigan las recomendaciones oficiales y tomen\u2026 <a href=\"https:\/\/t.co\/qRD2tOCwmp\">https:\/\/t.co\/qRD2tOCwmp<\/a><\/p>\n<p>\u2014 Sergio P\u00e9rez (@SChecoPerez) <a href=\"https:\/\/twitter.com\/SChecoPerez\/status\/657628139938406400\">octubre 23, 2015<\/a><\/p><\/blockquote>\n<p><script src=\"\/\/platform.twitter.com\/widgets.js\" async=\"\" charset=\"utf-8\"><\/script><\/p>\n<blockquote class=\"twitter-tweet\" lang=\"es\"><p>\u00a1Bien! La seguridad de todos es primero. El cl\u00e1sico <a href=\"https:\/\/twitter.com\/Chivas\">@Chivas<\/a> \u25aa <a href=\"https:\/\/twitter.com\/atlasfc\">@AtlasFc<\/a> ser\u00e1 el mi\u00e9rcoles 11 de noviembre. \u00a1S\u00edganse cuidando en sus casas! \u2614? \u2014 Marco Fabi\u00e1n (@MarcoFabian_10) <a href=\"https:\/\/twitter.com\/MarcoFabian_10\/status\/657687106110664704\">octubre 23, 2015<\/a><\/p><\/blockquote>\n<p><script src=\"\/\/platform.twitter.com\/widgets.js\" async=\"\" charset=\"utf-8\"><\/script><\/p>\n<blockquote class=\"twitter-tweet\" lang=\"es\">\n<p dir=\"ltr\" lang=\"es\">Mi gente de <a href=\"https:\/\/twitter.com\/hashtag\/Gro?src=hash\">#Gro<\/a> <a href=\"https:\/\/twitter.com\/hashtag\/Mich?src=hash\">#Mich<\/a> <a href=\"https:\/\/twitter.com\/hashtag\/Jal?src=hash\">#Jal<\/a> <a href=\"https:\/\/twitter.com\/hashtag\/Col?src=hash\">#Col<\/a> mucha fuerza y \u00e1nimos ante la llegada del <a href=\"https:\/\/twitter.com\/hashtag\/HuracanPatricia?src=hash\">#HuracanPatricia<\/a> no escatimen en los cuidados y en la prevenci\u00f3n<\/p>\n<p>\u2014 Rafa Marquez (@RafaMarquezMX) <a href=\"https:\/\/twitter.com\/RafaMarquezMX\/status\/657607579896586240\">octubre 23, 2015<\/a><\/p><\/blockquote>\n<p><script src=\"\/\/platform.twitter.com\/widgets.js\" async=\"\" charset=\"utf-8\"><\/script><\/p>\n<blockquote class=\"twitter-tweet\" lang=\"es\"><p>\nFuerza y \u00e1nimo a la gente de Jalisco, Colima y Nayarit. Tomen precauciones y sigan las indicaciones de las autoridades. <a href=\"https:\/\/twitter.com\/hashtag\/HuracanPatricia?src=hash\">#HuracanPatricia<\/a><\/p>\n<p>\u2014 Miguel Layun (@Miguel_layun) <a href=\"https:\/\/twitter.com\/Miguel_layun\/status\/657651930215391232\">octubre 23, 2015<\/a>\n<\/p><\/blockquote>\n<p><script src=\"\/\/platform.twitter.com\/widgets.js\" async=\"\" charset=\"utf-8\"><\/script><\/p>\n","protected":false},"excerpt":{"rendered":"<p>Deportistas le desean lo mejor al pa\u00eds para superar el hurac\u00e1n Patricia<\/p>\n","protected":false},"author":20,"featured_media":327411,"comment_status":"open","ping_status":"open","sticky":false,"template":"","format":"standard","meta":[],"categories":[5419,2198,5418,5950],"tags":[6361,5771],"_links":{"self":[{"href":"http:\/\/desarrollo.grupomedios.com\/futbol\/wp-json\/wp\/v2\/posts\/327409"}],"collection":[{"href":"http:\/\/desarrollo.grupomedios.com\/futbol\/wp-json\/wp\/v2\/posts"}],"about":[{"href":"http:\/\/desarrollo.grupomedios.com\/futbol\/wp-json\/wp\/v2\/types\/post"}],"author":[{"embeddable":true,"href":"http:\/\/desarrollo.grupomedios.com\/futbol\/wp-json\/wp\/v2\/users\/20"}],"replies":[{"embeddable":true,"href":"http:\/\/desarrollo.grupomedios.com\/futbol\/wp-json\/wp\/v2\/comments?post=327409"}],"version-history":[{"count":0,"href":"http:\/\/desarrollo.grupomedios.com\/futbol\/wp-json\/wp\/v2\/posts\/327409\/revisions"}],"wp:featuredmedia":[{"embeddable":true,"href":"http:\/\/desarrollo.grupomedios.com\/futbol\/wp-json\/wp\/v2\/media\/327411"}],"wp:attachment":[{"href":"http:\/\/desarrollo.grupomedios.com\/futbol\/wp-json\/wp\/v2\/media?parent=327409"}],"wp:term":[{"taxonomy":"category","embeddable":true,"href":"http:\/\/desarrollo.grupomedios.com\/futbol\/wp-json\/wp\/v2\/categories?post=327409"},{"taxonomy":"post_tag","embeddable":true,"href":"http:\/\/desarrollo.grupomedios.com\/futbol\/wp-json\/wp\/v2\/tags?post=327409"}],"curies":[{"name":"wp","href":"https:\/\/api.w.org\/{rel}","templated":true}]}}