{"id":327622,"date":"2015-10-24T13:36:00","date_gmt":"2015-10-24T18:36:00","guid":{"rendered":"http:\/\/futboltotal.com.mx\/?p=327622"},"modified":"2015-10-24T19:41:07","modified_gmt":"2015-10-25T00:41:07","slug":"chicharito-dedica-gol-a-los-afectados-por-el-huracan","status":"publish","type":"post","link":"http:\/\/desarrollo.grupomedios.com\/futbol\/futbol-internacional\/chicharito-dedica-gol-a-los-afectados-por-el-huracan\/2015\/10","title":{"rendered":"Chicharito dedica gol a afectados por hurac\u00e1n Patricia"},"content":{"rendered":"<p><strong>Chicharito<\/strong> sigue brillando en esta nueva etapa como futbolista del Bayer Leverkusen. Este s\u00e1bado, <strong>Javier Hern\u00e1ndez<\/strong>\u00a0<a href=\"http:\/\/futboltotal.com.mx\/2015\/10\/chicharito-hace-gol-de-nuevo-en-bundesliga\/\">concret\u00f3 su segundo gol en Bundesliga<\/a> y quinto de manera total con las <em>Aspirinas<\/em>. Y al finalizar el encuentro, el delantero mexicano\u00a0se expres\u00f3 sobre el hurac\u00e1n Patricia que toc\u00f3 al estado de Jalisco y a otras partes del pa\u00eds, mandando buenas vibras para todos los afectados por este desastre natural.<\/p>\n<p>&#8220;Este gol va para toda la gente de mi hermoso Jalisco y todo M\u00e9xico!! Mucha fuerza en estos tiempos! #HuracanPatricia&#8221;, escribi\u00f3 Chicharito en su cuenta de Twitter.<\/p>\n<blockquote class=\"twitter-tweet\" lang=\"es\">\n<p dir=\"ltr\" lang=\"es\">Este gol va para toda la gente de mi hermoso Jalisco y todo M\u00e9xico!! Mucha fuerza en estos tiempos! <a href=\"https:\/\/twitter.com\/hashtag\/HuracanPatricia?src=hash\">#HuracanPatricia<\/a> <a href=\"https:\/\/t.co\/Y4mjcmzzhO\">pic.twitter.com\/Y4mjcmzzhO<\/a><\/p>\n<p>\u2014 Chicharito Hernandez (@CH14_) <a href=\"https:\/\/twitter.com\/CH14_\/status\/657954124357611520\">octubre 24, 2015<\/a><\/p><\/blockquote>\n<p><script src=\"\/\/platform.twitter.com\/widgets.js\" async=\"\" charset=\"utf-8\"><\/script><\/p>\n<p>A pesar de la p\u00e9rdida de fuerza del cicl\u00f3n, que este viernes fue calificado como el m\u00e1s poderoso de la historia, el servicio meteorol\u00f3gico recomend\u00f3 a la poblaci\u00f3n extremar precauciones &#8220;por lluvias, viento y oleaje&#8221;. Por ahora, Patricia no ha producido v\u00edctimas, aunque s\u00ed miles de evacuados, muchos de ellos turistas que disfrutaban de sus vacaciones en la costa mexicana.<\/p>\n<p style=\"text-align: center;\"><strong><span style=\"color: #3366ff;\"><a style=\"color: #3366ff;\" href=\"http:\/\/futboltotal.com.mx\/?s=chicharito\">LEER M\u00c1S: Todas las noticias de Chicharito<\/a><\/span><\/strong><\/p>\n<p>El pr\u00f3ximo compromiso del equipo del <strong>Chicharito<\/strong> Hern\u00e1ndez ser\u00e1 el mi\u00e9rcoles, cuando enfrenten, en partido de la DFB Pokal,\u00a0al Viktoria K\u00f6l. Mientras que en la Bundesliga se medir\u00e1n al Wolfsburg el pr\u00f3ximo 31 de octubre.<\/p>\n","protected":false},"excerpt":{"rendered":"<p>Javier Hern\u00e1ndez no se olvid\u00f3 de sus connacionales afectados por el desastre natural<\/p>\n","protected":false},"author":20,"featured_media":327591,"comment_status":"open","ping_status":"open","sticky":false,"template":"","format":"standard","meta":[],"categories":[3839,5951],"tags":[4335,120,549,6361],"_links":{"self":[{"href":"http:\/\/desarrollo.grupomedios.com\/futbol\/wp-json\/wp\/v2\/posts\/327622"}],"collection":[{"href":"http:\/\/desarrollo.grupomedios.com\/futbol\/wp-json\/wp\/v2\/posts"}],"about":[{"href":"http:\/\/desarrollo.grupomedios.com\/futbol\/wp-json\/wp\/v2\/types\/post"}],"author":[{"embeddable":true,"href":"http:\/\/desarrollo.grupomedios.com\/futbol\/wp-json\/wp\/v2\/users\/20"}],"replies":[{"embeddable":true,"href":"http:\/\/desarrollo.grupomedios.com\/futbol\/wp-json\/wp\/v2\/comments?post=327622"}],"version-history":[{"count":0,"href":"http:\/\/desarrollo.grupomedios.com\/futbol\/wp-json\/wp\/v2\/posts\/327622\/revisions"}],"wp:featuredmedia":[{"embeddable":true,"href":"http:\/\/desarrollo.grupomedios.com\/futbol\/wp-json\/wp\/v2\/media\/327591"}],"wp:attachment":[{"href":"http:\/\/desarrollo.grupomedios.com\/futbol\/wp-json\/wp\/v2\/media?parent=327622"}],"wp:term":[{"taxonomy":"category","embeddable":true,"href":"http:\/\/desarrollo.grupomedios.com\/futbol\/wp-json\/wp\/v2\/categories?post=327622"},{"taxonomy":"post_tag","embeddable":true,"href":"http:\/\/desarrollo.grupomedios.com\/futbol\/wp-json\/wp\/v2\/tags?post=327622"}],"curies":[{"name":"wp","href":"https:\/\/api.w.org\/{rel}","templated":true}]}}