{"id":327847,"date":"2015-10-24T22:09:37","date_gmt":"2015-10-25T03:09:37","guid":{"rendered":"http:\/\/futboltotal.com.mx\/?p=327847"},"modified":"2015-10-24T22:09:37","modified_gmt":"2015-10-25T03:09:37","slug":"me-voy-encab-soy-el-responsable-ignacio-ambriz","status":"publish","type":"post","link":"http:\/\/desarrollo.grupomedios.com\/futbol\/futbol-mexicano\/me-voy-encab-soy-el-responsable-ignacio-ambriz\/2015\/10","title":{"rendered":"&#8220;Me voy encab&#8230; Soy el responsable&#8221;: Ignacio Ambriz"},"content":{"rendered":"<p>En conferencia de prensa, el director t\u00e9cnico del <strong><a href=\"http:\/\/www.futboltotal.com.mx\/equipos\/america\/\" target=\"_blank\">Am\u00e9rica<\/a><\/strong>, <strong>Ignacio Ambriz<\/strong>, expres\u00f3 su descontento por el resultado ante Quer\u00e9taro en el estadio Azteca, pues por segunda vez en el a\u00f1o, los <em>Gallos<\/em> vencieron a las <em>\u00c1guilas<\/em> en la capital del pa\u00eds.<\/p>\n<p>&#8220;Me voy encabronado, no hemos hecho los m\u00e9ritos para ganar, sab\u00edamos que el rival se para bien atr\u00e1s, se defiende bien, iba a buscar que estuvi\u00e9ramos mal parados y as\u00ed lo hizo. Despu\u00e9s tuvimos dos o tres de gol sin ser contundentes&#8221;, explic\u00f3 <strong>Ignacio Ambriz<\/strong>.<\/p>\n<p>Nacho hizo hincapi\u00e9 en la falta de contundencia del <strong>Am\u00e9rica<\/strong>, frente a la porter\u00eda rival; no obstante, a pesar de que las fallas fueron de los jugadores, el estratega asumi\u00f3 la culpa por la derrota de 0-1 ante<strong> Quer\u00e9taro<\/strong>.<\/p>\n<p style=\"text-align: center;\"><span style=\"color: #3366ff;\"><strong><a style=\"color: #3366ff;\" href=\"http:\/\/futboltotal.com.mx\/2015\/10\/resultados-liga-mx-america-0-1-queretaro\/\" target=\"_blank\">LEER M\u00c1S: Quer\u00e9taro desv\u00eda el vuelo del Am\u00e9rica.<\/a><\/strong><\/span><\/p>\n<p>&#8220;Soy el responsable, algo no hice bien, no les inyect\u00e9 algo para que salieran convencidos de ganar y matem\u00e1ticamente poder clasificar, se pierden ocasiones de gol, pero atr\u00e1s nos equivocamos, hay que hacer un an\u00e1lisis de conciencia para saber por qu\u00e9 no funcionamos tan bien como de visita&#8221;, agreg\u00f3 <strong>Ignacio Ambriz<\/strong>.<\/p>\n<p>El estratega tambi\u00e9n explic\u00f3 la ausencia de Rubens Sambueza del encuentro ante Quer\u00e9taro, donde aclar\u00f3 que fue por precauci\u00f3n, y no porque el argentino naturalizado tenga una lesi\u00f3n seria.<\/p>\n<p>&#8220;Hablamos con el doctor y Rubens, hay etapas donde no se ha podido recuperar bien y por antecedentes se puede romper por las cargas de trabajo. El doctor dice que Sambueza se puede lastimar y tomamos la decisi\u00f3n de que no salga a la banca&#8221;, sentenci\u00f3 <strong>Ignacio Ambriz<\/strong>.<\/p>\n<p style=\"text-align: center;\"><span style=\"color: #3366ff;\"><strong><a style=\"color: #3366ff;\" href=\"http:\/\/futboltotal.com.mx\/2015\/10\/emanuel-villa-llega-a-su-segunda-mejor-cuota-goleadora\/\" target=\"_blank\">LEER M\u00c1S: Con gol ante Am\u00e9rica, Emanuel Villa consigue su segunda mejor marca en Liga MX.<\/a><\/strong><\/span><\/p>\n","protected":false},"excerpt":{"rendered":"<p>El estratega del Am\u00e9rica, mostr\u00f3 su descontento por el resultado ante Gallos<\/p>\n","protected":false},"author":20,"featured_media":327855,"comment_status":"open","ping_status":"open","sticky":false,"template":"","format":"standard","meta":[],"categories":[2198,3845,5950],"tags":[5959,511,64,5970],"_links":{"self":[{"href":"http:\/\/desarrollo.grupomedios.com\/futbol\/wp-json\/wp\/v2\/posts\/327847"}],"collection":[{"href":"http:\/\/desarrollo.grupomedios.com\/futbol\/wp-json\/wp\/v2\/posts"}],"about":[{"href":"http:\/\/desarrollo.grupomedios.com\/futbol\/wp-json\/wp\/v2\/types\/post"}],"author":[{"embeddable":true,"href":"http:\/\/desarrollo.grupomedios.com\/futbol\/wp-json\/wp\/v2\/users\/20"}],"replies":[{"embeddable":true,"href":"http:\/\/desarrollo.grupomedios.com\/futbol\/wp-json\/wp\/v2\/comments?post=327847"}],"version-history":[{"count":0,"href":"http:\/\/desarrollo.grupomedios.com\/futbol\/wp-json\/wp\/v2\/posts\/327847\/revisions"}],"wp:featuredmedia":[{"embeddable":true,"href":"http:\/\/desarrollo.grupomedios.com\/futbol\/wp-json\/wp\/v2\/media\/327855"}],"wp:attachment":[{"href":"http:\/\/desarrollo.grupomedios.com\/futbol\/wp-json\/wp\/v2\/media?parent=327847"}],"wp:term":[{"taxonomy":"category","embeddable":true,"href":"http:\/\/desarrollo.grupomedios.com\/futbol\/wp-json\/wp\/v2\/categories?post=327847"},{"taxonomy":"post_tag","embeddable":true,"href":"http:\/\/desarrollo.grupomedios.com\/futbol\/wp-json\/wp\/v2\/tags?post=327847"}],"curies":[{"name":"wp","href":"https:\/\/api.w.org\/{rel}","templated":true}]}}