{"id":328047,"date":"2015-10-25T12:30:35","date_gmt":"2015-10-25T17:30:35","guid":{"rendered":"http:\/\/futboltotal.com.mx\/?p=328047"},"modified":"2015-10-26T00:07:27","modified_gmt":"2015-10-26T05:07:27","slug":"memo-ochoa-regresara-a-la-seleccion-mexicana","status":"publish","type":"post","link":"http:\/\/desarrollo.grupomedios.com\/futbol\/destacado-home\/memo-ochoa-regresara-a-la-seleccion-mexicana\/2015\/10","title":{"rendered":"Osorio abre la puerta del Tri a Memo Ochoa"},"content":{"rendered":"<p><strong>Guillermo Ochoa<\/strong> tendr\u00e1 una oportunidad para pelear por la titularidad con la <strong>Selecci\u00f3n Mexicana<\/strong>, a pesar de que no tiene actividad con el M\u00e1laga en Primera Divisi\u00f3n la Liga. El director t\u00e9cnico Juan Carlos Osorio se lo ha hecho saber y le dej\u00f3 la puerta abierta para ser tomado en cuenta durante el proceso de eliminatorio rumbo a Rusia 2018.<\/p>\n<p>\u201cPude hablar con \u00e9l y me coment\u00f3 que sabe la jerarqu\u00eda que tengo en el grupo y me tomar\u00e1 en cuenta porque sabe lo que he logrado con la Selecci\u00f3n, el trabajo que he realizado y que nadie me ha regalado nada\u201d, dijo el portero mexicano\u00a0 a <em>Televisa Deportes.<\/em><\/p>\n<p><em>\u00a0<\/em>La decisi\u00f3n de Juan Carlos Osorio contrasta con la que en su momento tom\u00f3 el timonel Ricardo Tuca Ferretti, quien durante el interinato de cuatro partidos al frente del <em>Tricolor<\/em>, no contempl\u00f3 a Guillermo Ochoa debido a la falta de actividad y prioriz\u00f3 el llamado de jugadores con regularidad como Mois\u00e9s Mu\u00f1oz, Alfredo Talavera o Jonathan Orozco.<\/p>\n<p style=\"text-align: center;\"><span style=\"color: #3366ff;\"><strong><a style=\"color: #3366ff;\" href=\"http:\/\/futboltotal.com.mx\/?s=Guillermo+Ochoa\">LEER M\u00c1S: Todas las noticias de Guillermo Ochoa<\/a><\/strong><\/span><\/p>\n","protected":false},"excerpt":{"rendered":"<p>El t\u00e9cnico de M\u00e9xico tomar\u00e1 en cuenta al portero para las eliminatorias mundialistas<\/p>\n<p>\u00a0<\/p>\n","protected":false},"author":20,"featured_media":295036,"comment_status":"open","ping_status":"open","sticky":false,"template":"","format":"standard","meta":[],"categories":[5,3847],"tags":[5991,306],"_links":{"self":[{"href":"http:\/\/desarrollo.grupomedios.com\/futbol\/wp-json\/wp\/v2\/posts\/328047"}],"collection":[{"href":"http:\/\/desarrollo.grupomedios.com\/futbol\/wp-json\/wp\/v2\/posts"}],"about":[{"href":"http:\/\/desarrollo.grupomedios.com\/futbol\/wp-json\/wp\/v2\/types\/post"}],"author":[{"embeddable":true,"href":"http:\/\/desarrollo.grupomedios.com\/futbol\/wp-json\/wp\/v2\/users\/20"}],"replies":[{"embeddable":true,"href":"http:\/\/desarrollo.grupomedios.com\/futbol\/wp-json\/wp\/v2\/comments?post=328047"}],"version-history":[{"count":0,"href":"http:\/\/desarrollo.grupomedios.com\/futbol\/wp-json\/wp\/v2\/posts\/328047\/revisions"}],"wp:featuredmedia":[{"embeddable":true,"href":"http:\/\/desarrollo.grupomedios.com\/futbol\/wp-json\/wp\/v2\/media\/295036"}],"wp:attachment":[{"href":"http:\/\/desarrollo.grupomedios.com\/futbol\/wp-json\/wp\/v2\/media?parent=328047"}],"wp:term":[{"taxonomy":"category","embeddable":true,"href":"http:\/\/desarrollo.grupomedios.com\/futbol\/wp-json\/wp\/v2\/categories?post=328047"},{"taxonomy":"post_tag","embeddable":true,"href":"http:\/\/desarrollo.grupomedios.com\/futbol\/wp-json\/wp\/v2\/tags?post=328047"}],"curies":[{"name":"wp","href":"https:\/\/api.w.org\/{rel}","templated":true}]}}