{"id":328123,"date":"2015-10-26T13:16:22","date_gmt":"2015-10-26T18:16:22","guid":{"rendered":"http:\/\/futboltotal.com.mx\/?p=328123"},"modified":"2015-10-26T15:44:30","modified_gmt":"2015-10-26T20:44:30","slug":"jorge-vergara-culpado-de-crimen-organizado","status":"publish","type":"post","link":"http:\/\/desarrollo.grupomedios.com\/futbol\/futbol-mexicano\/jorge-vergara-culpado-de-crimen-organizado\/2015\/10","title":{"rendered":"Jorge Vergara, culpado de crimen organizado"},"content":{"rendered":"<p>La novela entre <strong>Jorge Vergara<\/strong> y Ang\u00e9lica Fuentes nos regala un cap\u00edtulo m\u00e1s. Ahora, se ha dado a conocer que la empresaria ha demandado en Texas, a su a\u00fan esposo por el delito de <strong>crimen organizado<\/strong>.<\/p>\n<p>Los argumentos de la tambi\u00e9n due\u00f1a de Grupo Omnilife, seg\u00fan declara el comunicado, es que el due\u00f1o de las Chivas convoc\u00f3 a una junta de accionistas cuando ella estaba de vacaciones para tomar decisiones que la afectar\u00edan directamente; sobre todo con la decisi\u00f3n de la destituci\u00f3n de su cargo como Directora General de Omnilife.<\/p>\n<p style=\"text-align: center;\"><strong><span style=\"color: #3366ff;\"><a style=\"color: #3366ff;\" href=\"http:\/\/futboltotal.com.mx\/2015\/10\/jorge-vergara-no-permitira-el-regreso-de-fuentes\/\">LEER M\u00c1S: Vergara no permitir\u00e1 el regreso de Fuentes<\/a><\/span><\/strong><\/p>\n<p>&#8220;De acuerdo a la demanda, Vergara indebidamente convoc\u00f3 a una reuni\u00f3n de los accionistas de Grupo Omnilife mientras Ang\u00e9lica estaba de vacaciones con sus dos peque\u00f1as hijas en Semana Santa. Ang\u00e9lica sostiene que Vergara se present\u00f3 falsamente ante los que estaban en la reuni\u00f3n como el que controlaba el 100 por ciento de Grupo Omnilife y de todas sus subsidiarias, incluido Omnilife USA y tom\u00f3 acciones unilaterales y no autorizadas contra Ang\u00e9lica, incluida su indebida destituci\u00f3n como Directora General de Grupo Omnilife y sus subsidiarias&#8221;, se\u00f1ala el documento.<\/p>\n<p>La demanda, en la cual se alega que <strong>Jorge Vergara<\/strong> viol\u00f3 la Ley Federal contra la Extorsi\u00f3n Criminal y Organizaciones Corruptas, tambi\u00e9n se habla de una complicidad del mandam\u00e1s del chiver\u00edo con su abogado, Javier Coello Trejo para desprestigiar el nombre de Fuentes, a cambio de que se le cedan el total de sus acciones.<\/p>\n<p>&#8220;Se sostiene que durante una reuni\u00f3n en Texas, Vergara amenaz\u00f3 a Ang\u00e9lica con destruirla en la prensa y con organizar manifestaciones en su contra, a menos que ella le diera sus acciones de la compa\u00f1\u00eda. Vergara y su abogado, en repetidas ocasiones, han dado declaraciones en la televisi\u00f3n y en la radio acusando a Ang\u00e9lica Fuentes de malicia criminal y malos manejos\u201d<\/p>\n<p>Como una de las subsidiarias del Grupo es Omnilife USA, ese ser\u00eda el argumento por el cual la justicia estadounidense tomar\u00eda parido en este pleito legal por el supuesto <strong>crimen organizado<\/strong><\/p>\n<p>De esta manera, <strong>Jorge Vergara<\/strong> y su abogado estar\u00e1n tomando cartas en el asunto para enfrentar esta demanda, y regalar m\u00e1s cap\u00edtulos en esta novela Fuentes -Vergara.<\/p>\n","protected":false},"excerpt":{"rendered":"<p>Ang\u00e9lica Fuentes demand\u00f3 a su esposo en Estados Unidos<\/p>\n","protected":false},"author":20,"featured_media":328128,"comment_status":"open","ping_status":"open","sticky":false,"template":"","format":"standard","meta":[],"categories":[2198,3845,5950],"tags":[2314,6376,243],"_links":{"self":[{"href":"http:\/\/desarrollo.grupomedios.com\/futbol\/wp-json\/wp\/v2\/posts\/328123"}],"collection":[{"href":"http:\/\/desarrollo.grupomedios.com\/futbol\/wp-json\/wp\/v2\/posts"}],"about":[{"href":"http:\/\/desarrollo.grupomedios.com\/futbol\/wp-json\/wp\/v2\/types\/post"}],"author":[{"embeddable":true,"href":"http:\/\/desarrollo.grupomedios.com\/futbol\/wp-json\/wp\/v2\/users\/20"}],"replies":[{"embeddable":true,"href":"http:\/\/desarrollo.grupomedios.com\/futbol\/wp-json\/wp\/v2\/comments?post=328123"}],"version-history":[{"count":0,"href":"http:\/\/desarrollo.grupomedios.com\/futbol\/wp-json\/wp\/v2\/posts\/328123\/revisions"}],"wp:featuredmedia":[{"embeddable":true,"href":"http:\/\/desarrollo.grupomedios.com\/futbol\/wp-json\/wp\/v2\/media\/328128"}],"wp:attachment":[{"href":"http:\/\/desarrollo.grupomedios.com\/futbol\/wp-json\/wp\/v2\/media?parent=328123"}],"wp:term":[{"taxonomy":"category","embeddable":true,"href":"http:\/\/desarrollo.grupomedios.com\/futbol\/wp-json\/wp\/v2\/categories?post=328123"},{"taxonomy":"post_tag","embeddable":true,"href":"http:\/\/desarrollo.grupomedios.com\/futbol\/wp-json\/wp\/v2\/tags?post=328123"}],"curies":[{"name":"wp","href":"https:\/\/api.w.org\/{rel}","templated":true}]}}