{"id":328154,"date":"2015-10-26T16:32:59","date_gmt":"2015-10-26T21:32:59","guid":{"rendered":"http:\/\/futboltotal.com.mx\/?p=328154"},"modified":"2015-10-26T16:32:59","modified_gmt":"2015-10-26T21:32:59","slug":"fichajes-bomba-que-no-rindieron-en-mexico","status":"publish","type":"post","link":"http:\/\/desarrollo.grupomedios.com\/futbol\/futbol-mexicano\/fichajes-bomba-que-no-rindieron-en-mexico\/2015\/10","title":{"rendered":"Fichajes bomba que no rindieron en M\u00e9xico"},"content":{"rendered":"<p>La <strong>Liga MX<\/strong> ha acogido a varios jugadores de cach\u00e9 internacional en el \u00faltimo a\u00f1o. La llegada de <strong>Andr\u00e9-Pierre Gignac<\/strong> y el rumor que sit\u00faa a <strong>Zlatan Ibrahimovic<\/strong> en la \u00f3rbita de <strong>Tigres<\/strong> es muestra del poder adquisitivo de los clubes mexicanos.<\/p>\n<p>Pero la historia muestra que, a veces la inversi\u00f3n no es pareja con el rendimiento. Te presentamos <strong>5 fichajes bomba que no rindieron en M\u00e9xico<\/strong>:<\/p>\n<p><strong><span style=\"color: #ff0000;\">Bebeto<\/span><\/strong> (Toros Neza, 1999)<\/p>\n<p>Apenas disput\u00f3\u00a0ocho partidos con el equipo mexiquense, marcando dos goles y siendo un pecado m\u00e1s en el eventual declive y desaparici\u00f3n del carism\u00e1tico equipo. A sus 35 a\u00f1os, lleg\u00f3 en un estado f\u00edsico distante al de su apogeo como futbolista de primer nivel. El campe\u00f3n del mundo en 1994 denunci\u00f3 a\u00f1os despu\u00e9s que su vida en <strong>M\u00e9xico<\/strong> fue dif\u00edcil, y que incluso lleg\u00f3 a recibir amenazas.<\/p>\n<div id=\"attachment_328163\" style=\"width: 830px\" class=\"wp-caption aligncenter\"><a href=\"http:\/\/futboltotal.com.mx\/wp-content\/uploads\/2015\/10\/bebeto_toros_neza.jpg\"><img aria-describedby=\"caption-attachment-328163\" decoding=\"async\" loading=\"lazy\" class=\"wp-image-328163 size-full\" src=\"http:\/\/futboltotal.com.mx\/wp-content\/uploads\/2015\/10\/bebeto_toros_neza.jpg\" alt=\"bebeto_toros_neza\" srcset=\"http:\/\/desarrollo.grupomedios.com\/futbol\/wp-content\/uploads\/2015\/10\/bebeto_toros_neza.jpg 820w, http:\/\/desarrollo.grupomedios.com\/futbol\/wp-content\/uploads\/2015\/10\/bebeto_toros_neza-300x110.jpg 300w\" sizes=\"(max-width: 820px) 100vw, 820px\" \/><\/a><p id=\"caption-attachment-328163\" class=\"wp-caption-text\">Bebeto (Toros Neza, 1999)<\/p><\/div>\n<p><span style=\"color: #ff0000;\"><strong>Djalminha<\/strong><\/span> (Am\u00e9rica, 2004)<\/p>\n<p>La apuesta por el brasile\u00f1o de 34 a\u00f1os y leyenda del Deportivo La Coru\u00f1a vino pese a que en los dos a\u00f1os anteriores hab\u00eda disputado apenas 21 partidos por lesiones. En Am\u00e9rica, debut\u00f3 con un incre\u00edble golazo de tiro libre para rescatar un empate ante Santos Laguna. Jugar\u00eda apenas cuatro partidos m\u00e1s antes de salir del club y declararse retirado.<\/p>\n<div id=\"attachment_328164\" style=\"width: 830px\" class=\"wp-caption aligncenter\"><a href=\"http:\/\/futboltotal.com.mx\/wp-content\/uploads\/2015\/10\/djalminha_america.jpg\"><img aria-describedby=\"caption-attachment-328164\" decoding=\"async\" loading=\"lazy\" class=\"size-full wp-image-328164\" src=\"http:\/\/futboltotal.com.mx\/wp-content\/uploads\/2015\/10\/djalminha_america.jpg\" alt=\"Djalminha (Am\u00e9rica, 2004)\" srcset=\"http:\/\/desarrollo.grupomedios.com\/futbol\/wp-content\/uploads\/2015\/10\/djalminha_america.jpg 820w, http:\/\/desarrollo.grupomedios.com\/futbol\/wp-content\/uploads\/2015\/10\/djalminha_america-300x110.jpg 300w\" sizes=\"(max-width: 820px) 100vw, 820px\" \/><\/a><p id=\"caption-attachment-328164\" class=\"wp-caption-text\">Djalminha (Am\u00e9rica, 2004)<\/p><\/div>\n<p><strong><span style=\"color: #ff0000;\">Ronaldinho<\/span><\/strong> (Quer\u00e9taro, 2014-15)<\/p>\n<p>Anot\u00f3 ocho goles y lleg\u00f3 a una Final, pero el <em>crack<\/em>, dos veces Jugador del A\u00f1o de la FIFA,\u00a0pas\u00f3 de noche por lapsos durante su estad\u00eda en <strong>M\u00e9xico<\/strong>. A la llegada de Victor Manuel Vucetich, la titularidad de <em>Dinho<\/em> se puso en entredicho y la relaci\u00f3n con el DT se fragment\u00f3, provocando su salida. En su siguiente club, Fluminense, jug\u00f3 apenas nueve duelos.<\/p>\n<div id=\"attachment_328166\" style=\"width: 830px\" class=\"wp-caption aligncenter\"><a href=\"http:\/\/futboltotal.com.mx\/wp-content\/uploads\/2015\/10\/ronaldinho_queretaro.jpg\"><img aria-describedby=\"caption-attachment-328166\" decoding=\"async\" loading=\"lazy\" class=\"size-full wp-image-328166\" src=\"http:\/\/futboltotal.com.mx\/wp-content\/uploads\/2015\/10\/ronaldinho_queretaro.jpg\" alt=\"Ronaldinho (Quer\u00e9taro, 2014-15)\" srcset=\"http:\/\/desarrollo.grupomedios.com\/futbol\/wp-content\/uploads\/2015\/10\/ronaldinho_queretaro.jpg 820w, http:\/\/desarrollo.grupomedios.com\/futbol\/wp-content\/uploads\/2015\/10\/ronaldinho_queretaro-300x110.jpg 300w\" sizes=\"(max-width: 820px) 100vw, 820px\" \/><\/a><p id=\"caption-attachment-328166\" class=\"wp-caption-text\">Ronaldinho (Quer\u00e9taro, 2014-15)<\/p><\/div>\n<p><span style=\"color: #ff0000;\"><strong>Eusebio<\/strong><\/span> (Monterrey, 1975)<\/p>\n<p>El portugu\u00e9s, leyenda de Benfica y su selecci\u00f3n, lleg\u00f3 para Monterrey en 1975 tras algunos meses de jugar en Estados Unidos con el Boston Minutemen. En 10 partidos para los <em>Rayados<\/em>, la <em>Pantera Negra<\/em> marc\u00f3 un gol y calladamente dej\u00f3 la liga mexicana para enrolar con el Toronto Metros-Croatia.<\/p>\n<div id=\"attachment_328167\" style=\"width: 830px\" class=\"wp-caption aligncenter\"><a href=\"http:\/\/futboltotal.com.mx\/wp-content\/uploads\/2015\/10\/eusebio_monterrey.jpg\"><img aria-describedby=\"caption-attachment-328167\" decoding=\"async\" loading=\"lazy\" class=\"size-full wp-image-328167\" src=\"http:\/\/futboltotal.com.mx\/wp-content\/uploads\/2015\/10\/eusebio_monterrey.jpg\" alt=\"Eusebio (Monterrey, 1975)\" srcset=\"http:\/\/desarrollo.grupomedios.com\/futbol\/wp-content\/uploads\/2015\/10\/eusebio_monterrey.jpg 820w, http:\/\/desarrollo.grupomedios.com\/futbol\/wp-content\/uploads\/2015\/10\/eusebio_monterrey-300x110.jpg 300w\" sizes=\"(max-width: 820px) 100vw, 820px\" \/><\/a><p id=\"caption-attachment-328167\" class=\"wp-caption-text\">Eusebio (Monterrey, 1975)<\/p><\/div>\n<p><strong><span style=\"color: #ff0000;\">Roque Santa Cruz<\/span><\/strong>\u00a0(Cruz Azul, 2014-15)<\/p>\n<p>Tras una larga carrera en Europa que tuvo lapsos en Bayern Munich y Manchester City, el paraguayo firm\u00f3 contrato por m\u00e1s de dos millones de euros en salario anual con Cruz Azul. A final de cuentas, jug\u00f3 10\u00a0partidos, anot\u00f3 cuatro goles y no pudo mostrar su mejor futbol gracias a las lesiones que lo han aquejado durante gran parte de su carrera.<\/p>\n<div id=\"attachment_328168\" style=\"width: 830px\" class=\"wp-caption aligncenter\"><a href=\"http:\/\/futboltotal.com.mx\/wp-content\/uploads\/2015\/10\/roque_santa_cruz.jpg\"><img aria-describedby=\"caption-attachment-328168\" decoding=\"async\" loading=\"lazy\" class=\"size-full wp-image-328168\" src=\"http:\/\/futboltotal.com.mx\/wp-content\/uploads\/2015\/10\/roque_santa_cruz.jpg\" alt=\"Roque Santa Cruz (Cruz Azul, 2014-15)\" srcset=\"http:\/\/desarrollo.grupomedios.com\/futbol\/wp-content\/uploads\/2015\/10\/roque_santa_cruz.jpg 820w, http:\/\/desarrollo.grupomedios.com\/futbol\/wp-content\/uploads\/2015\/10\/roque_santa_cruz-300x110.jpg 300w\" sizes=\"(max-width: 820px) 100vw, 820px\" \/><\/a><p id=\"caption-attachment-328168\" class=\"wp-caption-text\">Roque Santa Cruz (Cruz Azul, 2014-15)<\/p><\/div>\n","protected":false},"excerpt":{"rendered":"<p>Te presentamos a 5 cracks que quedaron a deber<\/p>\n","protected":false},"author":20,"featured_media":328162,"comment_status":"open","ping_status":"open","sticky":false,"template":"","format":"standard","meta":[],"categories":[2198,3845,5950],"tags":[6380,640],"_links":{"self":[{"href":"http:\/\/desarrollo.grupomedios.com\/futbol\/wp-json\/wp\/v2\/posts\/328154"}],"collection":[{"href":"http:\/\/desarrollo.grupomedios.com\/futbol\/wp-json\/wp\/v2\/posts"}],"about":[{"href":"http:\/\/desarrollo.grupomedios.com\/futbol\/wp-json\/wp\/v2\/types\/post"}],"author":[{"embeddable":true,"href":"http:\/\/desarrollo.grupomedios.com\/futbol\/wp-json\/wp\/v2\/users\/20"}],"replies":[{"embeddable":true,"href":"http:\/\/desarrollo.grupomedios.com\/futbol\/wp-json\/wp\/v2\/comments?post=328154"}],"version-history":[{"count":0,"href":"http:\/\/desarrollo.grupomedios.com\/futbol\/wp-json\/wp\/v2\/posts\/328154\/revisions"}],"wp:featuredmedia":[{"embeddable":true,"href":"http:\/\/desarrollo.grupomedios.com\/futbol\/wp-json\/wp\/v2\/media\/328162"}],"wp:attachment":[{"href":"http:\/\/desarrollo.grupomedios.com\/futbol\/wp-json\/wp\/v2\/media?parent=328154"}],"wp:term":[{"taxonomy":"category","embeddable":true,"href":"http:\/\/desarrollo.grupomedios.com\/futbol\/wp-json\/wp\/v2\/categories?post=328154"},{"taxonomy":"post_tag","embeddable":true,"href":"http:\/\/desarrollo.grupomedios.com\/futbol\/wp-json\/wp\/v2\/tags?post=328154"}],"curies":[{"name":"wp","href":"https:\/\/api.w.org\/{rel}","templated":true}]}}