{"id":328247,"date":"2015-10-26T19:22:40","date_gmt":"2015-10-27T00:22:40","guid":{"rendered":"http:\/\/futboltotal.com.mx\/?p=328247"},"modified":"2015-10-26T19:22:40","modified_gmt":"2015-10-27T00:22:40","slug":"sergio-ramos-vigilante-de-supermercado","status":"publish","type":"post","link":"http:\/\/desarrollo.grupomedios.com\/futbol\/futbol-internacional\/sergio-ramos-vigilante-de-supermercado\/2015\/10","title":{"rendered":"Sergio Ramos, \u00bfVigilante de Supermercado?"},"content":{"rendered":"<p>Todo parece indicar que el defensor espa\u00f1ol del Real Madrid, <strong>Sergio Ramos<\/strong>, habr\u00eda dejado la causa merengue, para ahora defender la causa de\u2026 \u00bfun supermercado?<\/p>\n<p>En redes sociales, se ha dado a conocer una fotograf\u00eda de una persona, cuyo f\u00edsico y facciones son id\u00e9nticos a las del internacional con la selecci\u00f3n de Espa\u00f1a, por lo que muchas personas se cuestionaron si Ramos habr\u00eda dejado de vestir la playera del Real Madrid para dedicarse ahora a la labor de guardia de seguridad de un supermercado.<\/p>\n<p>En la publicaci\u00f3n de usuario, reconocido como \u201cAcoran\u201d se menciona que el madridista se encontraba en una tienda de abarrotes de Tenerife; la etiqueta de la cuenta oficial del defensor obviamente genero la reacci\u00f3n de sus seguidores, quienes no daban cr\u00e9dito a lo que ve\u00edan, por el enorme parecido del vigilante con <strong>Sergio Ramos<\/strong>.<\/p>\n<blockquote class=\"twitter-tweet\" width=\"500\">\n<p lang=\"es\" dir=\"ltr\"><a href=\"https:\/\/twitter.com\/SergioRamos\">@SergioRamos<\/a>  <a href=\"https:\/\/twitter.com\/losmanolostv\">@losmanolostv<\/a>  Sergio Ramos trabajando en el Mercadona de Tenerife <a href=\"https:\/\/t.co\/WDsx7VJWmo\">pic.twitter.com\/WDsx7VJWmo<\/a><\/p>\n<p>&mdash; Acoran (@__aco26__) <a href=\"https:\/\/twitter.com\/__aco26__\/status\/658581187766693888\">October 26, 2015<\/a><\/p><\/blockquote>\n<p><script async src=\"\/\/platform.twitter.com\/widgets.js\" charset=\"utf-8\"><\/script><\/p>\n<p>Sin embargo, fue el mismo Ramos quien, ocupo su cuenta de Twitter para desmentir tal suceso.<\/p>\n<p>&#8220;Quiero desmentir oficialmente que haya fichado por Mercadona&#8221; es lo que escribi\u00f3 en su cuenta de la red social, refiri\u00e9ndose a la tienda en cuesti\u00f3n, y a que no ha dejado la causa madridista.<\/p>\n<blockquote class=\"twitter-tweet\" width=\"500\">\n<p lang=\"es\" dir=\"ltr\">Quiero desmentir oficialmente que haya fichado por <a href=\"https:\/\/twitter.com\/Mercadona\">@Mercadona<\/a> ? ? ? <a href=\"https:\/\/t.co\/Wv1wu8OT0R\">https:\/\/t.co\/Wv1wu8OT0R<\/a><\/p>\n<p>&mdash; Sergio Ramos (@SergioRamos) <a href=\"https:\/\/twitter.com\/SergioRamos\/status\/658706602606874624\">October 26, 2015<\/a><\/p><\/blockquote>\n<p><script async src=\"\/\/platform.twitter.com\/widgets.js\" charset=\"utf-8\"><\/script><\/p>\n<p>No obstante, dejo entrever unas cuantas sonrisas, sorprendido por el incre\u00edble parecido del vigilante con su persona.<\/p>\n","protected":false},"excerpt":{"rendered":"<p>El defensor habr\u00eda cambiado la el\u00e1stica del Real Madrid por uniforme de vigilancia.<\/p>\n","protected":false},"author":20,"featured_media":328250,"comment_status":"closed","ping_status":"closed","sticky":false,"template":"","format":"standard","meta":[],"categories":[3839],"tags":[6020,6391,6390],"_links":{"self":[{"href":"http:\/\/desarrollo.grupomedios.com\/futbol\/wp-json\/wp\/v2\/posts\/328247"}],"collection":[{"href":"http:\/\/desarrollo.grupomedios.com\/futbol\/wp-json\/wp\/v2\/posts"}],"about":[{"href":"http:\/\/desarrollo.grupomedios.com\/futbol\/wp-json\/wp\/v2\/types\/post"}],"author":[{"embeddable":true,"href":"http:\/\/desarrollo.grupomedios.com\/futbol\/wp-json\/wp\/v2\/users\/20"}],"replies":[{"embeddable":true,"href":"http:\/\/desarrollo.grupomedios.com\/futbol\/wp-json\/wp\/v2\/comments?post=328247"}],"version-history":[{"count":0,"href":"http:\/\/desarrollo.grupomedios.com\/futbol\/wp-json\/wp\/v2\/posts\/328247\/revisions"}],"wp:featuredmedia":[{"embeddable":true,"href":"http:\/\/desarrollo.grupomedios.com\/futbol\/wp-json\/wp\/v2\/media\/328250"}],"wp:attachment":[{"href":"http:\/\/desarrollo.grupomedios.com\/futbol\/wp-json\/wp\/v2\/media?parent=328247"}],"wp:term":[{"taxonomy":"category","embeddable":true,"href":"http:\/\/desarrollo.grupomedios.com\/futbol\/wp-json\/wp\/v2\/categories?post=328247"},{"taxonomy":"post_tag","embeddable":true,"href":"http:\/\/desarrollo.grupomedios.com\/futbol\/wp-json\/wp\/v2\/tags?post=328247"}],"curies":[{"name":"wp","href":"https:\/\/api.w.org\/{rel}","templated":true}]}}