{"id":328291,"date":"2015-10-27T10:19:21","date_gmt":"2015-10-27T15:19:21","guid":{"rendered":"http:\/\/futboltotal.com.mx\/?p=328291"},"modified":"2015-10-27T10:24:52","modified_gmt":"2015-10-27T15:24:52","slug":"keylor-navas-podria-renovar-con-el-real-madrid","status":"publish","type":"post","link":"http:\/\/desarrollo.grupomedios.com\/futbol\/futbol-internacional\/keylor-navas-podria-renovar-con-el-real-madrid\/2015\/10","title":{"rendered":"Keylor Navas podr\u00eda renovar con el Real Madrid"},"content":{"rendered":"<p>Despu\u00e9s del verano turbolento que protagoniz\u00f3 con su fallido traspaso al Manchester United ha llegado la calma para <strong>Keylor Navas<\/strong>. El alto desempe\u00f1o que ha mostrado en lo que va de la temporada 2015-16 ha hecho que el <strong>Real Madrid<\/strong> contemple la posibilidad de renovarlo con antelaci\u00f3n y ampliarle su contrato m\u00e1s all\u00e1 de 2018.<\/p>\n<p>El portero costarricense lleg\u00f3 la temporada pasada como uno de los fichajes estrella del equipo tras haber protagonizado un gran mundial. Tuvo contadas actuaciones y en ellas dio prueba de que ten\u00eda el calibre para asumir la titularidad tras la salida de Iker Casillas. Sin embargo, el club ten\u00eda contemplado mandarlo a Old Trafford como parte de una operaci\u00f3n a contrarreloj, que termin\u00f3 como el mayor fiasco en la historia del mercado de fichajes debido a que no se concret\u00f3 por la falta de recepci\u00f3n de documentos en tiempo y forma de ambos clubes.<\/p>\n<p>Despu\u00e9s de ello, Navas logr\u00f3 ganar la titularidad a Kiko Casilla, reci\u00e9n fichado en el verano, y ha tenido un prometedor inicio de campa\u00f1a con el Real Madrid en el que ha sido fundamental para maquillar las carencias defensivas del equipo y, a base de sendas atajadas, ha convencido a la directiva del equipo de renovar su contrato y pagarle una cifra cercana a los 2.5 millones de euros por temporada, mismos que en su momento tuvo sobre la mesa cuando intent\u00f3 ir al Manchester United. Eso s\u00ed, aunque el Real Madrid inicie las negociaciones con Keylor a partir del pr\u00f3ximo mercado de fichajes de invierno, no dar\u00e1 marcha atr\u00e1s para fichar la pr\u00f3xima temporada a David de Gea, seg\u00fan el reporte de medios espa\u00f1oles.<\/p>\n<p style=\"text-align: center;\"><strong><a href=\"http:\/\/futboltotal.com.mx\/?s=Keylor+Navas\">LEER M\u00c1S: Todas las noticias de Keylor Navas<\/a><\/strong><\/p>\n<p>&nbsp;<\/p>\n<p>&nbsp;<\/p>\n","protected":false},"excerpt":{"rendered":"<p>El costarricense convence a base de atajadas a la directiva del conjunto blanco<\/p>\n","protected":false},"author":20,"featured_media":328316,"comment_status":"closed","ping_status":"closed","sticky":false,"template":"","format":"standard","meta":[],"categories":[3839,3844,5951],"tags":[5590,5988],"_links":{"self":[{"href":"http:\/\/desarrollo.grupomedios.com\/futbol\/wp-json\/wp\/v2\/posts\/328291"}],"collection":[{"href":"http:\/\/desarrollo.grupomedios.com\/futbol\/wp-json\/wp\/v2\/posts"}],"about":[{"href":"http:\/\/desarrollo.grupomedios.com\/futbol\/wp-json\/wp\/v2\/types\/post"}],"author":[{"embeddable":true,"href":"http:\/\/desarrollo.grupomedios.com\/futbol\/wp-json\/wp\/v2\/users\/20"}],"replies":[{"embeddable":true,"href":"http:\/\/desarrollo.grupomedios.com\/futbol\/wp-json\/wp\/v2\/comments?post=328291"}],"version-history":[{"count":0,"href":"http:\/\/desarrollo.grupomedios.com\/futbol\/wp-json\/wp\/v2\/posts\/328291\/revisions"}],"wp:featuredmedia":[{"embeddable":true,"href":"http:\/\/desarrollo.grupomedios.com\/futbol\/wp-json\/wp\/v2\/media\/328316"}],"wp:attachment":[{"href":"http:\/\/desarrollo.grupomedios.com\/futbol\/wp-json\/wp\/v2\/media?parent=328291"}],"wp:term":[{"taxonomy":"category","embeddable":true,"href":"http:\/\/desarrollo.grupomedios.com\/futbol\/wp-json\/wp\/v2\/categories?post=328291"},{"taxonomy":"post_tag","embeddable":true,"href":"http:\/\/desarrollo.grupomedios.com\/futbol\/wp-json\/wp\/v2\/tags?post=328291"}],"curies":[{"name":"wp","href":"https:\/\/api.w.org\/{rel}","templated":true}]}}