{"id":328410,"date":"2015-10-29T09:30:42","date_gmt":"2015-10-29T14:30:42","guid":{"rendered":"http:\/\/futboltotal.com.mx\/?p=328410"},"modified":"2015-10-29T11:29:30","modified_gmt":"2015-10-29T16:29:30","slug":"los-10-cracks-en-europa-mas-perdieron-su-valor","status":"publish","type":"post","link":"http:\/\/desarrollo.grupomedios.com\/futbol\/destacado-home\/los-10-cracks-en-europa-mas-perdieron-su-valor\/2015\/10","title":{"rendered":"10 cracks en Europa que m\u00e1s disminuyeron su valor"},"content":{"rendered":"<p>El principio de la carrera futbol\u00edstica es un momento ilusionante. En el horizonte hay expectativas y sue\u00f1os por concretar. El panorama se divisa maravilloso y paso a paso, escal\u00f3n a escal\u00f3n, la gran mayor\u00eda es objeto de transacciones millonarias, cambios de clubes&#8230; son m\u00e1s que simples <em>rockstars<\/em> firmando aut\u00f3grafos con una agenda repleta de viajes. Y solo unos cu\u00e1ntos se encaraman en la \u00e9lite balomp\u00e9dica y logran el mayor sue\u00f1o: disputar una Copa del Mundo.<\/p>\n<p>Lamentablemente, la carrera de los \u00eddolos del rect\u00e1ngulo verde, como todo en esta vida, tiene fin. No es tan longeva como en otras disciplinas de la vida. Las lesiones llegan, los cambios de equipo aparecen, los minutos en cancha escasean y la edad cobra factura. Es irremediable.<\/p>\n<p>Durante el ciclo de vida futbol\u00edstico hay cambios constantes en las valoraciones monetarias. El paso de los a\u00f1os provoca un declive importante. Pero no es el \u00fanico factor que influye en las depreciaciones.\u00a0 Como ejemplo hay 10 casos concretros en la actualidad y dos de ellos presentan a dos futbolistas que no superan la barrera de los 30 y sufrieron un dr\u00e1stico cambio: Mario Balotelli y Edinson Cavani. La raz\u00f3n, al menos en el caso del italiano, tiene a todas luces que ver con su pobre rendimiento de los \u00faltimos cursos, en su \u00faltima etapa por el Liverpool apenas marc\u00f3 un gol en la Premier League. El car\u00e1cter lo traiciona y sus m\u00faltiples locuras dan al traste con todas sus virtudes y enorme talento. Mientras tanto, el uruguayo solo es parte de esas evaluaciones fren\u00e9ticas en las que pese a ser un estelar y tener gol, no es el <em>capocannonieri<\/em> que luci\u00f3 en el Napoli. Su fluctuaci\u00f3n es disparatada.<\/p>\n<p>Sin m\u00e1s, te dejamos la lista con los <strong>10 cracks en\u00a0Europa<\/strong> con las m\u00e1s grandes ca\u00eddas de valor, donde encontrar\u00e1s futbolistas como Robin Van Persie, que\u00a0pas\u00f3\u00a0de ser un indiscutible y goleador con el Manchester United a un tipo que busca un segundo aire tras una temporada gris y sus 32 a\u00f1os de edad. A todo ello habr\u00e1 que sumarle un viaje a una liga de menor envergadura tras su acuerdo con el Fenerbahce, motivos\u00a0por los que de acuerdo al portal especializado <em>Transfermarkt<\/em> perdi\u00f3 el 67.5% de su valor y 27 millones de euros en relaci\u00f3n a la valoraci\u00f3n de su carta. \u00a1Cosas\u00a0sorprendentes del futbol!<\/p>\n<p><a href=\"http:\/\/futboltotal.com.mx\/wp-content\/uploads\/2015\/10\/10cracksperdieron.jpg\"><img decoding=\"async\" loading=\"lazy\" class=\"alignnone size-full wp-image-328414\" src=\"http:\/\/futboltotal.com.mx\/wp-content\/uploads\/2015\/10\/10cracksperdieron.jpg\" alt=\"10cracksperdieron\" srcset=\"http:\/\/desarrollo.grupomedios.com\/futbol\/wp-content\/uploads\/2015\/10\/10cracksperdieron.jpg 820w, http:\/\/desarrollo.grupomedios.com\/futbol\/wp-content\/uploads\/2015\/10\/10cracksperdieron-132x300.jpg 132w, http:\/\/desarrollo.grupomedios.com\/futbol\/wp-content\/uploads\/2015\/10\/10cracksperdieron-452x1024.jpg 452w\" sizes=\"(max-width: 820px) 100vw, 820px\" \/><\/a><\/p>\n<p style=\"text-align: center;\"><span style=\"color: #3366ff;\"><strong>LEER M\u00c1S:\u00a0Los 10 cracks europeos que m\u00e1s AUMENTARON\u00a0su valor.<\/strong><\/span><\/p>\n<p>&nbsp;<\/p>\n","protected":false},"excerpt":{"rendered":"<p>Una lista repleta de talento que poco a poco se va diluyendo en lo econ\u00f3mico<\/p>\n","protected":false},"author":20,"featured_media":328421,"comment_status":"closed","ping_status":"closed","sticky":false,"template":"","format":"standard","meta":[],"categories":[5,3839],"tags":[5640,5702,6052,367,6405,652,56,6059],"_links":{"self":[{"href":"http:\/\/desarrollo.grupomedios.com\/futbol\/wp-json\/wp\/v2\/posts\/328410"}],"collection":[{"href":"http:\/\/desarrollo.grupomedios.com\/futbol\/wp-json\/wp\/v2\/posts"}],"about":[{"href":"http:\/\/desarrollo.grupomedios.com\/futbol\/wp-json\/wp\/v2\/types\/post"}],"author":[{"embeddable":true,"href":"http:\/\/desarrollo.grupomedios.com\/futbol\/wp-json\/wp\/v2\/users\/20"}],"replies":[{"embeddable":true,"href":"http:\/\/desarrollo.grupomedios.com\/futbol\/wp-json\/wp\/v2\/comments?post=328410"}],"version-history":[{"count":0,"href":"http:\/\/desarrollo.grupomedios.com\/futbol\/wp-json\/wp\/v2\/posts\/328410\/revisions"}],"wp:featuredmedia":[{"embeddable":true,"href":"http:\/\/desarrollo.grupomedios.com\/futbol\/wp-json\/wp\/v2\/media\/328421"}],"wp:attachment":[{"href":"http:\/\/desarrollo.grupomedios.com\/futbol\/wp-json\/wp\/v2\/media?parent=328410"}],"wp:term":[{"taxonomy":"category","embeddable":true,"href":"http:\/\/desarrollo.grupomedios.com\/futbol\/wp-json\/wp\/v2\/categories?post=328410"},{"taxonomy":"post_tag","embeddable":true,"href":"http:\/\/desarrollo.grupomedios.com\/futbol\/wp-json\/wp\/v2\/tags?post=328410"}],"curies":[{"name":"wp","href":"https:\/\/api.w.org\/{rel}","templated":true}]}}