{"id":328527,"date":"2015-10-28T10:48:29","date_gmt":"2015-10-28T15:48:29","guid":{"rendered":"http:\/\/futboltotal.com.mx\/?p=328527"},"modified":"2015-10-28T10:57:27","modified_gmt":"2015-10-28T15:57:27","slug":"mascherano-podra-jugar-el-clasico","status":"publish","type":"post","link":"http:\/\/desarrollo.grupomedios.com\/futbol\/futbol-internacional\/mascherano-podra-jugar-el-clasico\/2015\/10","title":{"rendered":"Mascherano podr\u00e1 jugar el Cl\u00e1sico"},"content":{"rendered":"<p>La expulsi\u00f3n de<strong> Javier Mascherano<\/strong> el pasado fin de semana ante <strong>Eibar<\/strong> no tendr\u00e1 mayores repercusiones que dejarlo en la congeladora un par de partidos. El cotejo m\u00e1s importante del pr\u00f3ximo mes, el Cl\u00e1sico ante el Real Madrid, podr\u00e1 jugarlo sin complicaciones, despu\u00e9s de que el Comite de Competici\u00f3n ha valorado que su conducta y expresiones altisonantes en pleno partido no fueron contra el \u00e1rbitro y se dieron al calor del juego.<\/p>\n<p>Pese a que en principio se temi\u00f3 que fuese suspendido hasta cuatro cotejos por haber lanzado injurias al \u00e1rbitro que le valieron una tarjeta roja ante el Eibar, las cosas resultaron favorables para el Barcelona y, seg\u00fan la <em>Cadena SER<\/em>, Mascherano solo se perder\u00e1 los duelos ante el Getafe del pr\u00f3ximo 31 de octubre y Villarreal, pactado para el 8 de noviembre.<\/p>\n<p>El Barcelona est\u00e1 pendiente de recibir la confirmaci\u00f3n de la sanci\u00f3n a Mascherano y desde ahora ha descartado presentar alg\u00fan tipo de recurso para apelarla. Si no hay alg\u00fan tipo de contratiempo como alguna lesi\u00f3n en los entrenamientos o durante la pr\u00f3xima Fecha FIFA, que se jugar\u00e1 la segunda semana de Noviembre, el argentino podr\u00e1 disputar el duelo del pr\u00f3ximo 21 de noviembre en el Santiago Bernabe\u00fa.<\/p>\n<p style=\"text-align: center;\"><strong><span style=\"color: #3366ff;\">LEER M\u00c1S: Todas las noticias de futbol internacional<\/span><\/strong><\/p>\n","protected":false},"excerpt":{"rendered":"<p>Ya qued\u00f3 definida la sanci\u00f3n del Jefecito por la expulsi\u00f3n ante Eibar<\/p>\n","protected":false},"author":20,"featured_media":328542,"comment_status":"closed","ping_status":"closed","sticky":false,"template":"","format":"standard","meta":[],"categories":[3839,3844,5951],"tags":[5984,2337],"_links":{"self":[{"href":"http:\/\/desarrollo.grupomedios.com\/futbol\/wp-json\/wp\/v2\/posts\/328527"}],"collection":[{"href":"http:\/\/desarrollo.grupomedios.com\/futbol\/wp-json\/wp\/v2\/posts"}],"about":[{"href":"http:\/\/desarrollo.grupomedios.com\/futbol\/wp-json\/wp\/v2\/types\/post"}],"author":[{"embeddable":true,"href":"http:\/\/desarrollo.grupomedios.com\/futbol\/wp-json\/wp\/v2\/users\/20"}],"replies":[{"embeddable":true,"href":"http:\/\/desarrollo.grupomedios.com\/futbol\/wp-json\/wp\/v2\/comments?post=328527"}],"version-history":[{"count":0,"href":"http:\/\/desarrollo.grupomedios.com\/futbol\/wp-json\/wp\/v2\/posts\/328527\/revisions"}],"wp:featuredmedia":[{"embeddable":true,"href":"http:\/\/desarrollo.grupomedios.com\/futbol\/wp-json\/wp\/v2\/media\/328542"}],"wp:attachment":[{"href":"http:\/\/desarrollo.grupomedios.com\/futbol\/wp-json\/wp\/v2\/media?parent=328527"}],"wp:term":[{"taxonomy":"category","embeddable":true,"href":"http:\/\/desarrollo.grupomedios.com\/futbol\/wp-json\/wp\/v2\/categories?post=328527"},{"taxonomy":"post_tag","embeddable":true,"href":"http:\/\/desarrollo.grupomedios.com\/futbol\/wp-json\/wp\/v2\/tags?post=328527"}],"curies":[{"name":"wp","href":"https:\/\/api.w.org\/{rel}","templated":true}]}}