{"id":328598,"date":"2015-10-28T13:10:33","date_gmt":"2015-10-28T18:10:33","guid":{"rendered":"http:\/\/futboltotal.com.mx\/?p=328598"},"modified":"2015-10-28T18:24:44","modified_gmt":"2015-10-28T23:24:44","slug":"guillermo-ochoa-devaluado-por-inactividad","status":"publish","type":"post","link":"http:\/\/desarrollo.grupomedios.com\/futbol\/futbol-internacional\/guillermo-ochoa-devaluado-por-inactividad\/2015\/10","title":{"rendered":"Guillermo Ochoa, devaluado por inactividad"},"content":{"rendered":"<p>A pesar de que <strong>Guillermo Ochoa<\/strong> ha externado estar en nivel para pelear la titularidad en el M\u00e1laga y en la Selecci\u00f3n Mexicana, no cabe duda que la banca en el conjunto malague\u00f1o le ha \u201ccostado\u201d mucho, ya que se ha dado a conocer que su <strong>valor en el mercado<\/strong> ha bajado dr\u00e1sticamente.<\/p>\n<p>El cancerbero mexicano lleg\u00f3 a Espa\u00f1a con un valor de 8 millones 625 mil d\u00f3lares; debido a su actuaci\u00f3n en la Copa del Mundo, donde destac\u00f3, particularmente en el enfrentamiento ante la selecci\u00f3n de Brasil, partido que termino con marcador 0-0, y donde el mexicano sali\u00f3 con el premio al Jugador del Partido.<\/p>\n<p style=\"text-align: center;\"><strong><span style=\"color: #3366ff;\"><a style=\"color: #3366ff;\" href=\"http:\/\/futboltotal.com.mx\/2015\/10\/memo-ochoa-rechazaria-al-veracruz\/\">LEER M\u00c1S:\u00a0Descartan regreso de Ochoa a la Liga MX<\/a><\/span><\/strong><\/p>\n<p>Sin embargo, las actuaciones de Carlos Kameni en la meta del M\u00e1laga, han relegado a Ochoa a la banca, donde ha visto c\u00f3mo su precio en el mercado ha bajado hasta los 5 millones 391 mil d\u00f3lares, pr\u00e1cticamente m\u00e1s de 3 millones de d\u00f3lares menos.<\/p>\n<p>A pesar de dicha situaci\u00f3n, <strong>Guillermo Ochoa<\/strong> ha externado sus deseos de poder seguir en el futbol de Europa, donde esperar\u00e1 la oportunidad de al fin poder debutar en la Liga de Espa\u00f1a (sus actuaciones se han limitado a Copa del Rey) o de poder esperar una oferta de alg\u00fan otro club europeo, y as\u00ed tener argumentos para poder estar en la lista del <em>Tricolor<\/em>.<\/p>\n","protected":false},"excerpt":{"rendered":"<p>La banca en el M\u00e1laga le ha \u201ccostado\u201d millones de d\u00f3lares<\/p>\n","protected":false},"author":20,"featured_media":294297,"comment_status":"closed","ping_status":"closed","sticky":false,"template":"","format":"standard","meta":[],"categories":[3839],"tags":[5991,306],"_links":{"self":[{"href":"http:\/\/desarrollo.grupomedios.com\/futbol\/wp-json\/wp\/v2\/posts\/328598"}],"collection":[{"href":"http:\/\/desarrollo.grupomedios.com\/futbol\/wp-json\/wp\/v2\/posts"}],"about":[{"href":"http:\/\/desarrollo.grupomedios.com\/futbol\/wp-json\/wp\/v2\/types\/post"}],"author":[{"embeddable":true,"href":"http:\/\/desarrollo.grupomedios.com\/futbol\/wp-json\/wp\/v2\/users\/20"}],"replies":[{"embeddable":true,"href":"http:\/\/desarrollo.grupomedios.com\/futbol\/wp-json\/wp\/v2\/comments?post=328598"}],"version-history":[{"count":0,"href":"http:\/\/desarrollo.grupomedios.com\/futbol\/wp-json\/wp\/v2\/posts\/328598\/revisions"}],"wp:featuredmedia":[{"embeddable":true,"href":"http:\/\/desarrollo.grupomedios.com\/futbol\/wp-json\/wp\/v2\/media\/294297"}],"wp:attachment":[{"href":"http:\/\/desarrollo.grupomedios.com\/futbol\/wp-json\/wp\/v2\/media?parent=328598"}],"wp:term":[{"taxonomy":"category","embeddable":true,"href":"http:\/\/desarrollo.grupomedios.com\/futbol\/wp-json\/wp\/v2\/categories?post=328598"},{"taxonomy":"post_tag","embeddable":true,"href":"http:\/\/desarrollo.grupomedios.com\/futbol\/wp-json\/wp\/v2\/tags?post=328598"}],"curies":[{"name":"wp","href":"https:\/\/api.w.org\/{rel}","templated":true}]}}