{"id":328733,"date":"2015-10-28T16:48:32","date_gmt":"2015-10-28T21:48:32","guid":{"rendered":"http:\/\/futboltotal.com.mx\/?p=328733"},"modified":"2015-10-28T16:48:32","modified_gmt":"2015-10-28T21:48:32","slug":"checo-perez-utilizara-casco-especial-en-gp-de-mexico","status":"publish","type":"post","link":"http:\/\/desarrollo.grupomedios.com\/futbol\/no-todo-es-futbol\/checo-perez-utilizara-casco-especial-en-gp-de-mexico\/2015\/10","title":{"rendered":"Checo P\u00e9rez utilizar\u00e1 casco especial en GP de M\u00e9xico"},"content":{"rendered":"<p>Juan Francisco S\u00e1nchez, alumno de Dise\u00f1o Industrial de la Universidad del Valle de M\u00e9xico de Puebla, dise\u00f1\u00f3 un casco especial para que <strong>Sergio Checo P\u00e9rez<\/strong> lo utilice en el <strong>Gran Premio de M\u00e9xico<\/strong>, a celebrarse a partir del pr\u00f3ximo 1 de noviembre de 2015.<\/p>\n<p>Al piloto le gust\u00f3 el dise\u00f1o que el estudiante le entreg\u00f3 personalmente hace unos d\u00edas, por lo que lo utilizar\u00e1 durante el <strong>Gran Premio de M\u00e9xico<\/strong>; adem\u00e1s, tras el evento, <strong>Checo<\/strong> donar\u00e1 el casco, que fue bautizado por su creador como <em>Amor Eterno<\/em>.<\/p>\n<p style=\"text-align: center;\"><strong><a href=\"http:\/\/futboltotal.com.mx\/2015\/10\/definen-horarios-del-gran-premio-de-mexico\/\" target=\"_blank\">LEER M\u00c1S: Ya est\u00e1n definidos los horarios del Gran Premio de M\u00e9xico<\/a><\/strong><\/p>\n<p>El casco tendr\u00e1 la publicidad b\u00e1sica que representar\u00e1 al <strong>Checo P\u00e9rez<\/strong> en el <strong>Gran Premio de M\u00e9xico<\/strong>, pero tambi\u00e9n cuenta con elementos visuales basados en la tem\u00e1tica del 1 de noviembre, d\u00eda tradicional en la Rep\u00fablica Mexicana en que se celebra el D\u00eda de Todos los Santos.<\/p>\n<p>&#8220;La idea era que el casco fuera similar a una calavera de azucar&#8221;, explic\u00f3 Juan Francisco S\u00e1nchez, quien tambi\u00e9n se mostr\u00f3 complacido porque <strong>Checo<\/strong> aceptara usar la indumentaria.<\/p>\n<p><a href=\"http:\/\/futboltotal.com.mx\/wp-content\/uploads\/2015\/10\/casco-checo-perez.png\"><img decoding=\"async\" loading=\"lazy\" class=\"aligncenter wp-image-328754 size-full\" src=\"http:\/\/futboltotal.com.mx\/wp-content\/uploads\/2015\/10\/casco-checo-perez.png\" alt=\"casco checo perez\" srcset=\"http:\/\/desarrollo.grupomedios.com\/futbol\/wp-content\/uploads\/2015\/10\/casco-checo-perez.png 614w, http:\/\/desarrollo.grupomedios.com\/futbol\/wp-content\/uploads\/2015\/10\/casco-checo-perez-300x196.png 300w\" sizes=\"(max-width: 614px) 100vw, 614px\" \/><\/a><\/p>\n<p>Adem\u00e1s, hay elementos m\u00e1s discretos, que seg\u00fan parece, tambi\u00e9n rinden tributo a los 43 estudiantes desaparecidos en Ayotzinapa, Guerrero, hace poco m\u00e1s de un a\u00f1o.<\/p>\n<blockquote class=\"twitter-tweet\" lang=\"es\">\n<p dir=\"ltr\" lang=\"es\">As\u00ed, 43 puntos en el casco inspirado para Sergio P\u00e9rez en honor a los desaparecidos de Ayotzinapa&#8230; <a href=\"https:\/\/twitter.com\/SChecoPerez\">@SChecoPerez<\/a> <a href=\"http:\/\/t.co\/aLBHXNkUAs\">pic.twitter.com\/aLBHXNkUAs<\/a><\/p>\n<p>\u2014 Emmanuel Guti\u00e9rrez (@gymbooroso) <a href=\"https:\/\/twitter.com\/gymbooroso\/status\/650382321628000256\">octubre 3, 2015<\/a><\/p><\/blockquote>\n<p><script src=\"\/\/platform.twitter.com\/widgets.js\" async=\"\" charset=\"utf-8\"><\/script><\/p>\n","protected":false},"excerpt":{"rendered":"<p>El casco tiene un dise\u00f1o con tem\u00e1tica tradicional<\/p>\n","protected":false},"author":20,"featured_media":328757,"comment_status":"closed","ping_status":"closed","sticky":false,"template":"","format":"standard","meta":[],"categories":[5810,5418],"tags":[5584,6403,5771],"_links":{"self":[{"href":"http:\/\/desarrollo.grupomedios.com\/futbol\/wp-json\/wp\/v2\/posts\/328733"}],"collection":[{"href":"http:\/\/desarrollo.grupomedios.com\/futbol\/wp-json\/wp\/v2\/posts"}],"about":[{"href":"http:\/\/desarrollo.grupomedios.com\/futbol\/wp-json\/wp\/v2\/types\/post"}],"author":[{"embeddable":true,"href":"http:\/\/desarrollo.grupomedios.com\/futbol\/wp-json\/wp\/v2\/users\/20"}],"replies":[{"embeddable":true,"href":"http:\/\/desarrollo.grupomedios.com\/futbol\/wp-json\/wp\/v2\/comments?post=328733"}],"version-history":[{"count":0,"href":"http:\/\/desarrollo.grupomedios.com\/futbol\/wp-json\/wp\/v2\/posts\/328733\/revisions"}],"wp:featuredmedia":[{"embeddable":true,"href":"http:\/\/desarrollo.grupomedios.com\/futbol\/wp-json\/wp\/v2\/media\/328757"}],"wp:attachment":[{"href":"http:\/\/desarrollo.grupomedios.com\/futbol\/wp-json\/wp\/v2\/media?parent=328733"}],"wp:term":[{"taxonomy":"category","embeddable":true,"href":"http:\/\/desarrollo.grupomedios.com\/futbol\/wp-json\/wp\/v2\/categories?post=328733"},{"taxonomy":"post_tag","embeddable":true,"href":"http:\/\/desarrollo.grupomedios.com\/futbol\/wp-json\/wp\/v2\/tags?post=328733"}],"curies":[{"name":"wp","href":"https:\/\/api.w.org\/{rel}","templated":true}]}}