{"id":328804,"date":"2015-10-28T20:30:24","date_gmt":"2015-10-29T01:30:24","guid":{"rendered":"http:\/\/futboltotal.com.mx\/?p=328804"},"modified":"2015-10-28T20:30:24","modified_gmt":"2015-10-29T01:30:24","slug":"vucetich-resucito-a-emanuel-villa","status":"publish","type":"post","link":"http:\/\/desarrollo.grupomedios.com\/futbol\/futbol-mexicano\/vucetich-resucito-a-emanuel-villa\/2015\/10","title":{"rendered":"\u00bfVucetich resucit\u00f3 a Emanuel Villa?"},"content":{"rendered":"<p>El trabajo que ha hecho <strong>V\u00edctor Manuel Vucetich<\/strong> con los Gallos Blancos del <a href=\"http:\/\/futboltotal.com.mx\/equipos\/queretaro\/\" target=\"_blank\"><strong>Quer\u00e9taro<\/strong><\/a>, provoc\u00f3 que en\u00a0 <strong>Emanuel Villa<\/strong> haya despertado el hambre goleadora con la que se le conoc\u00eda; por ello ahora es el m\u00e1ximo goleador del certamen, con 12 tantos, y va por m\u00e1s.<\/p>\n<p><strong>V\u00edctor Manuel Vucetich<\/strong>, se\u00f1al\u00f3 en una entrevista que est\u00e1 contento con el <strong>Quer\u00e9taro<\/strong> y con el trabajo de <strong>Emanuel Villa<\/strong> en las filas del equipo.<\/p>\n<p>&#8220;Lo \u00fanico que se ha dado con \u00e9l es trabajo y confianza. Hemos buscado el lado humano y <em>Tito <\/em>es un tipazo, una gran persona y un profesional; me ha sorprendido gratamente junto con la actitud que ha tomado. Esta sacando ese historial goleador que siempre ha sido. Hemos recuperado la confianza, la autoestima, el deseo de volver a jugar futbol y de involucrarse al 100 por ciento&#8221;, se\u00f1al\u00f3 <strong>V\u00edctor Manuel Vucetich <\/strong>en una entrevista con Multimedios Deportes.<\/p>\n<p style=\"text-align: center;\"><span style=\"color: #3366ff;\"><strong><a style=\"color: #3366ff;\" href=\"http:\/\/futboltotal.com.mx\/2015\/10\/lideres-de-goleo-en-el-apertura-2015\/\" target=\"_blank\">LEER M\u00c1S:Emanuel Villa, actual l\u00edder de goleo del APERTURA 2015<\/a><\/strong><\/span><\/p>\n<p><strong>V\u00edctor Manuel Vucetich<\/strong> neg\u00f3 que \u00e9l sea el responsable del resurgimiento goleador de <strong>Emanuel Villa<\/strong>, pues afirma que es un logro en conjunto, tanto de <em>Tito<\/em> como de otros jugadores de <strong>Quer\u00e9taro<\/strong>.<\/p>\n<p>&#8220;A lo mejor nosotros colaboramos con \u00e9l para su recuperaci\u00f3n. Trabajamos con seres humanos, no con objetos, y ahora que hemos coincidido con la afinidad en el trabajo y el respeto, hemos crecido juntos&#8221;, sentenci\u00f3 el estratega de los <em>Gallos<\/em>.<\/p>\n<p>&nbsp;<\/p>\n","protected":false},"excerpt":{"rendered":"<p>El trabajo del Vuce con los Gallos, despert\u00f3 el hambre de gol del ariete<\/p>\n","protected":false},"author":20,"featured_media":328832,"comment_status":"closed","ping_status":"closed","sticky":false,"template":"","format":"standard","meta":[],"categories":[2198,3845,5950],"tags":[196,5970,1575],"_links":{"self":[{"href":"http:\/\/desarrollo.grupomedios.com\/futbol\/wp-json\/wp\/v2\/posts\/328804"}],"collection":[{"href":"http:\/\/desarrollo.grupomedios.com\/futbol\/wp-json\/wp\/v2\/posts"}],"about":[{"href":"http:\/\/desarrollo.grupomedios.com\/futbol\/wp-json\/wp\/v2\/types\/post"}],"author":[{"embeddable":true,"href":"http:\/\/desarrollo.grupomedios.com\/futbol\/wp-json\/wp\/v2\/users\/20"}],"replies":[{"embeddable":true,"href":"http:\/\/desarrollo.grupomedios.com\/futbol\/wp-json\/wp\/v2\/comments?post=328804"}],"version-history":[{"count":0,"href":"http:\/\/desarrollo.grupomedios.com\/futbol\/wp-json\/wp\/v2\/posts\/328804\/revisions"}],"wp:featuredmedia":[{"embeddable":true,"href":"http:\/\/desarrollo.grupomedios.com\/futbol\/wp-json\/wp\/v2\/media\/328832"}],"wp:attachment":[{"href":"http:\/\/desarrollo.grupomedios.com\/futbol\/wp-json\/wp\/v2\/media?parent=328804"}],"wp:term":[{"taxonomy":"category","embeddable":true,"href":"http:\/\/desarrollo.grupomedios.com\/futbol\/wp-json\/wp\/v2\/categories?post=328804"},{"taxonomy":"post_tag","embeddable":true,"href":"http:\/\/desarrollo.grupomedios.com\/futbol\/wp-json\/wp\/v2\/tags?post=328804"}],"curies":[{"name":"wp","href":"https:\/\/api.w.org\/{rel}","templated":true}]}}