{"id":328955,"date":"2015-11-06T09:30:34","date_gmt":"2015-11-06T14:30:34","guid":{"rendered":"http:\/\/futboltotal.com.mx\/?p=328955"},"modified":"2015-11-06T09:59:19","modified_gmt":"2015-11-06T14:59:19","slug":"miguel-layun-la-roca-de-julen-lopetegui","status":"publish","type":"post","link":"http:\/\/desarrollo.grupomedios.com\/futbol\/futbol-internacional\/miguel-layun-la-roca-de-julen-lopetegui\/2015\/11","title":{"rendered":"Miguel Lay\u00fan, la roca de Julen Lopetegui"},"content":{"rendered":"<p>En geolog\u00eda, la palabra roca es tan simple que se define como una combinaci\u00f3n de varios minerales, producto de un proceso evolutivo. En general, est\u00e1n conformadas por mezclas heterog\u00e9neas de diversos materiales homog\u00e9neos y cristalinos, es decir, minerales. Estos suelen ser duros, pero tambi\u00e9n blandos, como ocurre en el caso de las rocas arcillosas o arenosas. En fin&#8230; Son la metamorfosis completa en este maravilloso planeta conocido como Tierra.<\/p>\n<p>Con tal perspectiva, a\u00a0<strong>Miguel Lay\u00fan<\/strong> le queda de maravilla el sobrenombre de &#8220;roca&#8221;. Ese deber\u00eda ser contemplado como su mote de ahora en adelante. El mundialista mexicano ha superado un sinf\u00edn de obst\u00e1culos para erigirse como el indiscutible que es hoy en el Porto de Julen Lopetegui. Es duro ante las cr\u00edticas y blando en la relaci\u00f3n d\u00eda a d\u00eda con sus compa\u00f1eros, a quienes m\u00e1s que eso los convierte en amigos o en casos espec\u00edficos casi hermanos. Pero si hay algo que pueda definir a Lay\u00fan es la f\u00f3rmula ineludible que ha aplicado para evolucionar en el h\u00e1bitat m\u00e1s complejo, el del planeta futbol: esfuerzo, dedicaci\u00f3n, trabajo y m\u00e1s trabajo.<\/p>\n<p><a href=\"http:\/\/futboltotal.com.mx\/wp-content\/uploads\/2015\/10\/Miguel-Lay\u00fan-en-Veracruz-.jpg\"><img decoding=\"async\" loading=\"lazy\" class=\"alignnone size-full wp-image-328992\" src=\"http:\/\/futboltotal.com.mx\/wp-content\/uploads\/2015\/10\/Miguel-Lay\u00fan-en-Veracruz-.jpg\" alt=\"Miguel Lay\u00fan en Veracruz\" srcset=\"http:\/\/desarrollo.grupomedios.com\/futbol\/wp-content\/uploads\/2015\/10\/Miguel-Lay\u00fan-en-Veracruz-.jpg 821w, http:\/\/desarrollo.grupomedios.com\/futbol\/wp-content\/uploads\/2015\/10\/Miguel-Lay\u00fan-en-Veracruz--300x144.jpg 300w\" sizes=\"(max-width: 821px) 100vw, 821px\" \/><\/a><\/p>\n<p>Su primer contacto con la Primera Divisi\u00f3n en M\u00e9xico lo tuvo con\u00a0el Veracruz. De carrera discreta y con tres a\u00f1os de aprendizaje, \u00a0se rob\u00f3 todas las miradas y acapar\u00f3 portadas al convertirse en el primer mexicano en jugar en la Serie A all\u00e1 por septiembre del 2009.<\/p>\n<p>&#8220;Represent\u00f3 mucho la posibilidad de ir a Italia&#8221;, confes\u00f3 Lay\u00fan a <em>FIFA<\/em> sobre su experiencia. &#8220;Era un sue\u00f1o el poder estar all\u00e1. Me hizo valorar muchas cosas de M\u00e9xico, pero sobre todo el poder tener la fortuna de cumplir un objetivo, de llegar con mucha ilusi\u00f3n y ganas de hacer las cosas bien&#8221;, abund\u00f3.<\/p>\n<p>La aventura dur\u00f3 solo seis meses pero con tantas vivencias guardadas en la maleta, un poderoso e hist\u00f3rico del futbol mexicano le abri\u00f3 las puertas para seguir en su evoluci\u00f3n futbol\u00edstica. Como todo ni\u00f1o Lay\u00fan buscaba jugar en el equipo m\u00e1s popular del pa\u00eds, paso importante para representar en un combinado nacional a su pa\u00eds y despu\u00e9s, culminar con un Mundial. En un momento eso parec\u00eda algo imposible para Miguel, pues a su llegada al Nido de Coapa la afici\u00f3n mostr\u00f3 su desaprobaci\u00f3n al &#8216;flamante&#8217; fichaje y se hizo sentir con el\u00a0hashtag <strong>#TodoEsCulpaDeLay\u00fan<\/strong>.<\/p>\n<p><a href=\"http:\/\/futboltotal.com.mx\/wp-content\/uploads\/2015\/10\/Lay\u00fan-saluda-.jpg\"><img decoding=\"async\" loading=\"lazy\" class=\"alignnone size-full wp-image-328993\" src=\"http:\/\/futboltotal.com.mx\/wp-content\/uploads\/2015\/10\/Lay\u00fan-saluda-.jpg\" alt=\"Lay\u00fan saluda\" srcset=\"http:\/\/desarrollo.grupomedios.com\/futbol\/wp-content\/uploads\/2015\/10\/Lay\u00fan-saluda-.jpg 820w, http:\/\/desarrollo.grupomedios.com\/futbol\/wp-content\/uploads\/2015\/10\/Lay\u00fan-saluda--300x169.jpg 300w, http:\/\/desarrollo.grupomedios.com\/futbol\/wp-content\/uploads\/2015\/10\/Lay\u00fan-saluda--580x325.jpg 580w\" sizes=\"(max-width: 820px) 100vw, 820px\" \/><\/a><\/p>\n<p>&#8220;Son de esos momentos que m\u00e1s me van a ayudar en mi carrera&#8221;, revel\u00f3 sobre esos instantes amargos pero que lo curtieron como una roca para valorar cada \u00e9xito y superar cada fracaso. &#8220;Tuve que esforzarme y exigirme al m\u00e1ximo para revertir esa situaci\u00f3n. Muchas personas opinaban sin conocer y era dif\u00edcil estar explicando y convenciendo a todos. La \u00fanica manera de revertir eso era hablar en la cancha en vez de hablar en redes sociales&#8221;.<\/p>\n<p>Para el 2013, <strong>Miguel Lay\u00fan<\/strong> fue pieza clave en la \u00e9pica final celebrada ante Cruz Azul. Un campeonato que parec\u00eda perdido fue rescatado de manera antol\u00f3gica con el tanto de Mois\u00e9s Mu\u00f1oz y luego el 19 del Am\u00e9rica puso el sello final desde los once pasos, con garra y con suerte, otorg\u00e1ndole una estrella m\u00e1s a la instituci\u00f3n. Tan solo un a\u00f1o despu\u00e9s se adue\u00f1\u00f3 de un puesto en el once titular del <em>Tri<\/em> en el Mundial de Brasil y seis meses despu\u00e9s levantaba otro t\u00edtulo, esta vez como capit\u00e1n. Derrib\u00f3 las cr\u00edticas, se puso el traje de h\u00e9roe y l\u00edder. Buscaba m\u00e1s metas y no ten\u00eda l\u00edmites, lo siguiente:\u00a0regresar a Europa, esta vez con el Watford y en una Segunda Divisi\u00f3n.<\/p>\n<p><a href=\"http:\/\/futboltotal.com.mx\/wp-content\/uploads\/2015\/10\/Lay\u00fan-campe\u00f3n-con-Am\u00e9rica-.jpg\"><img decoding=\"async\" loading=\"lazy\" class=\"alignnone size-full wp-image-328994\" src=\"http:\/\/futboltotal.com.mx\/wp-content\/uploads\/2015\/10\/Lay\u00fan-campe\u00f3n-con-Am\u00e9rica-.jpg\" alt=\"Lay\u00fan campe\u00f3n con Am\u00e9rica\" srcset=\"http:\/\/desarrollo.grupomedios.com\/futbol\/wp-content\/uploads\/2015\/10\/Lay\u00fan-campe\u00f3n-con-Am\u00e9rica-.jpg 820w, http:\/\/desarrollo.grupomedios.com\/futbol\/wp-content\/uploads\/2015\/10\/Lay\u00fan-campe\u00f3n-con-Am\u00e9rica--300x124.jpg 300w\" sizes=\"(max-width: 820px) 100vw, 820px\" \/><\/a><\/p>\n<p>Utiliz\u00f3 a los <em>Hornets<\/em> de nuevo como un trampol\u00edn. Ascendi\u00f3 a la Premier League y su debut fue insospechado: gol en su estreno, una historia maravillosa. Poco a poco sus minutos en cancha fueron disminuyendo y eso fue una noticia buena para \u00e9l, contrario a lo pensado. En el d\u00eda de cierre de transferencias, <strong>Miguel Lay\u00fan<\/strong> alcanz\u00f3 un acuerdo con el Porto, una situaci\u00f3n fenomenal y ten\u00eda un as bajo la manga por en\u00e9sima ocasi\u00f3n: el t\u00e9cnico, Julen Lopetegui, solicit\u00f3 su fichaje, confiaba en sus virtudes y desafi\u00f3 a todos los incr\u00e9dulos.<\/p>\n<p>Con el Porto su accionar ha sido fant\u00e1stico. Desde su llegada no se ha perdido ni un solo encuentro de Liga NOS, cinco de cinco (450 minutos disputados). En Copa disput\u00f3 el \u00fanico encuentro pactado hasta el momento, de nuevo particip\u00f3 los 90. En Champions no ha sido perfecta su l\u00ednea en cuanto a minutos pero s\u00ed que ha brillado en sus dos encuentros completados, con par de asistencias a Aboubakar (una ante el Dinamo de Kiev y otra ante el Maccabi) adem\u00e1s de sumar 10 minutos m\u00e1s ante el Chelsea. Lay\u00fan tiene un plus, es un comod\u00edn que no reclama su disposici\u00f3n t\u00e1ctica. Como lateral por cualquiera de las bandas, como medio e inclusive como p\u00edvote se ha convertido en uno de los preferidos de Lopetegui. Los <em>Dragones<\/em> <a href=\"http:\/\/futboltotal.com.mx\/2015\/10\/porto-busca-la-compra-definitiva-de-miguel-layun\/\">est\u00e1n maravillados con su accionar y ya buscan hacer v\u00e1lida su compra<\/a>, cuanto antes ser\u00e1 mejor. Es el <em>hombre de hierro<\/em> del equipo, una historia de \u00e9xito total basada en la lucha el no conformarse, en derribar cualquier clase de muro. Lo hizo esta semana, finiquitando el triunfo de su equipo y al mismo tiempo, <a href=\"http:\/\/futboltotal.com.mx\/2015\/11\/miguel-layun-debuta-como-goleador-en-champions\/\">estren\u00e1ndose como goleador en Champions League<\/a>.<\/p>\n<p><a href=\"http:\/\/futboltotal.com.mx\/wp-content\/uploads\/2015\/10\/Miguel-Lay\u00fan-en-el-Porto-.jpg\"><img decoding=\"async\" loading=\"lazy\" class=\"alignnone size-full wp-image-329002\" src=\"http:\/\/futboltotal.com.mx\/wp-content\/uploads\/2015\/10\/Miguel-Lay\u00fan-en-el-Porto-.jpg\" alt=\"Miguel Lay\u00fan en el Porto\" srcset=\"http:\/\/desarrollo.grupomedios.com\/futbol\/wp-content\/uploads\/2015\/10\/Miguel-Lay\u00fan-en-el-Porto-.jpg 820w, http:\/\/desarrollo.grupomedios.com\/futbol\/wp-content\/uploads\/2015\/10\/Miguel-Lay\u00fan-en-el-Porto--300x190.jpg 300w\" sizes=\"(max-width: 820px) 100vw, 820px\" \/><\/a><\/p>\n<p>Miguel cambi\u00f3 las\u00a0crueles\u00a0cr\u00edticas del &#8220;Todo es culpa de Lay\u00fan&#8221; para convertirse en\u00a0el mexicano m\u00e1s habitual y de mejor accionar en su equipo del <em>Viejo Continente. <\/em>De hecho fue m\u00e1s all\u00e1, se convirti\u00f3 en la roca de Julen Lopetegui y pieza indispensable de un Porto que ilusiona\u00a0en todos los torneos\u00a0de los que es part\u00edcipe.<\/p>\n<p style=\"text-align: center;\"><strong><span style=\"color: #3366ff;\"><a style=\"color: #3366ff;\" href=\"http:\/\/futboltotal.com.mx\/2015\/10\/layun-y-tecatito-parte-de-hazana-historica-con-porto\/\">LEER M\u00c1S: Lay\u00fan, Herrera y Tecatito logran haza\u00f1a hist\u00f3rica con el Porto.<\/a><\/span><\/strong><\/p>\n","protected":false},"excerpt":{"rendered":"<p>Su metamorfosis total ha provocado lo inimaginable con el Porto <\/p>\n","protected":false},"author":20,"featured_media":329018,"comment_status":"closed","ping_status":"closed","sticky":false,"template":"","format":"standard","meta":[],"categories":[3839,5951],"tags":[6407,1035,1208],"_links":{"self":[{"href":"http:\/\/desarrollo.grupomedios.com\/futbol\/wp-json\/wp\/v2\/posts\/328955"}],"collection":[{"href":"http:\/\/desarrollo.grupomedios.com\/futbol\/wp-json\/wp\/v2\/posts"}],"about":[{"href":"http:\/\/desarrollo.grupomedios.com\/futbol\/wp-json\/wp\/v2\/types\/post"}],"author":[{"embeddable":true,"href":"http:\/\/desarrollo.grupomedios.com\/futbol\/wp-json\/wp\/v2\/users\/20"}],"replies":[{"embeddable":true,"href":"http:\/\/desarrollo.grupomedios.com\/futbol\/wp-json\/wp\/v2\/comments?post=328955"}],"version-history":[{"count":0,"href":"http:\/\/desarrollo.grupomedios.com\/futbol\/wp-json\/wp\/v2\/posts\/328955\/revisions"}],"wp:featuredmedia":[{"embeddable":true,"href":"http:\/\/desarrollo.grupomedios.com\/futbol\/wp-json\/wp\/v2\/media\/329018"}],"wp:attachment":[{"href":"http:\/\/desarrollo.grupomedios.com\/futbol\/wp-json\/wp\/v2\/media?parent=328955"}],"wp:term":[{"taxonomy":"category","embeddable":true,"href":"http:\/\/desarrollo.grupomedios.com\/futbol\/wp-json\/wp\/v2\/categories?post=328955"},{"taxonomy":"post_tag","embeddable":true,"href":"http:\/\/desarrollo.grupomedios.com\/futbol\/wp-json\/wp\/v2\/tags?post=328955"}],"curies":[{"name":"wp","href":"https:\/\/api.w.org\/{rel}","templated":true}]}}