{"id":329032,"date":"2015-10-29T11:42:28","date_gmt":"2015-10-29T16:42:28","guid":{"rendered":"http:\/\/futboltotal.com.mx\/?p=329032"},"modified":"2015-10-29T11:43:42","modified_gmt":"2015-10-29T16:43:42","slug":"mascherano-confeso-fraude-al-fisco","status":"publish","type":"post","link":"http:\/\/desarrollo.grupomedios.com\/futbol\/futbol-internacional\/mascherano-confeso-fraude-al-fisco\/2015\/10","title":{"rendered":"Mascherano confes\u00f3 fraude al fisco"},"content":{"rendered":"<p><strong>Javier Mascherano<\/strong>, jugador del <strong>Barcelona,<\/strong> se declar\u00f3 culpable de haber defraudado al fisco espa\u00f1ol por un mill\u00f3n y medio de euros, durante su comparecencia de este jueves en un juzgado de Gav\u00e1.<\/p>\n<p>El jugador busca evitar que su situaci\u00f3n se complique, por lo que admiti\u00f3 la comisi\u00f3n de dos delitos de evasi\u00f3n fiscal frente a la juez del caso y no hubo necesidad de interrogarlo. La declaraci\u00f3n de Mascherano dur\u00f3 cinco minutos, se\u00f1alaron medios locales.<\/p>\n<p>Antes de ser citado a declarar, Mascherano trat\u00f3 de regularizar su situaci\u00f3n con el pago de un mill\u00f3n 750 mil euros, correspondientes al monto adeudado m\u00e1s los intereses.<\/p>\n<p>La situaci\u00f3n del futbolista podr\u00eda resolverse por medio de un acuerdo entre las partes -la Hacienda P\u00fablica y el jugador- lo que evitar\u00eda que el caso llegara a una instancia de juicio.<\/p>\n<p>Hacienda reclama a Mascherano m\u00e1s de 500 mil euros, correspondientes al ejercicio 2011 y casi un mill\u00f3n de 2012, a\u00f1os en los que viv\u00eda en Espa\u00f1a. Con base en las indagatorias de la Fiscal\u00eda, el jugador no declar\u00f3 los ingresos obtenidos en Estados Unidos y us\u00f3 una entidad radicada en Portugal, que presuntamente era la encargada de manejar su imagen.<\/p>\n<p>Despu\u00e9s de esta declaraci\u00f3n, el proceso judicial deber\u00e1 seguir su curso y la juez Erika L\u00f3pez cerrar\u00e1 la instrucci\u00f3n en los pr\u00f3ximos d\u00edas y dictar\u00e1 un auto de apertura de juicio oral.<\/p>\n<p>El caso podr\u00eda arreglarse por medio de un acuerdo entre las partes, para que el argentino pueda enfocarse en los compromisos con su club y con el seleccionado nacional de su pa\u00eds.<\/p>\n","protected":false},"excerpt":{"rendered":"<p>El Jefecito acudi\u00f3 al juzgado y se declar\u00f3 culpable antes de que lo interrogaran<\/p>\n","protected":false},"author":20,"featured_media":329033,"comment_status":"closed","ping_status":"closed","sticky":false,"template":"","format":"standard","meta":[],"categories":[3839,3844],"tags":[5984,2337],"_links":{"self":[{"href":"http:\/\/desarrollo.grupomedios.com\/futbol\/wp-json\/wp\/v2\/posts\/329032"}],"collection":[{"href":"http:\/\/desarrollo.grupomedios.com\/futbol\/wp-json\/wp\/v2\/posts"}],"about":[{"href":"http:\/\/desarrollo.grupomedios.com\/futbol\/wp-json\/wp\/v2\/types\/post"}],"author":[{"embeddable":true,"href":"http:\/\/desarrollo.grupomedios.com\/futbol\/wp-json\/wp\/v2\/users\/20"}],"replies":[{"embeddable":true,"href":"http:\/\/desarrollo.grupomedios.com\/futbol\/wp-json\/wp\/v2\/comments?post=329032"}],"version-history":[{"count":0,"href":"http:\/\/desarrollo.grupomedios.com\/futbol\/wp-json\/wp\/v2\/posts\/329032\/revisions"}],"wp:featuredmedia":[{"embeddable":true,"href":"http:\/\/desarrollo.grupomedios.com\/futbol\/wp-json\/wp\/v2\/media\/329033"}],"wp:attachment":[{"href":"http:\/\/desarrollo.grupomedios.com\/futbol\/wp-json\/wp\/v2\/media?parent=329032"}],"wp:term":[{"taxonomy":"category","embeddable":true,"href":"http:\/\/desarrollo.grupomedios.com\/futbol\/wp-json\/wp\/v2\/categories?post=329032"},{"taxonomy":"post_tag","embeddable":true,"href":"http:\/\/desarrollo.grupomedios.com\/futbol\/wp-json\/wp\/v2\/tags?post=329032"}],"curies":[{"name":"wp","href":"https:\/\/api.w.org\/{rel}","templated":true}]}}