{"id":329038,"date":"2015-10-29T09:00:19","date_gmt":"2015-10-29T14:00:19","guid":{"rendered":"http:\/\/futboltotal.com.mx\/?p=329038"},"modified":"2015-10-29T17:25:30","modified_gmt":"2015-10-29T22:25:30","slug":"ochoa-tendra-que-esperar-para-volver-al-tri","status":"publish","type":"post","link":"http:\/\/desarrollo.grupomedios.com\/futbol\/destacado-home\/ochoa-tendra-que-esperar-para-volver-al-tri\/2015\/10","title":{"rendered":"Ochoa tendr\u00e1 que esperar para volver al Tri"},"content":{"rendered":"<p>A dos semanas para que el <em>Tricolor<\/em> enfrente a El Salvador y Honduras en la primera jornada de la eliminatoria Concacaf rumbo a Rusia 2018, el regreso de <strong>Guillermo Ochoa<\/strong> a la Selecci\u00f3n Mexicana luce complicado. Y es que a pesar de que hace unos d\u00edas, el portero tuvo una reuni\u00f3n con el director t\u00e9cnico Juan Carlos Osorio y habl\u00f3 sobre el tema, el M\u00e1laga no ha recibido la solicitud correspondiente para convocarlo antes del domingo, tal y como estipula el Reglamento de la FIFA.<\/p>\n<p>Antes de dicha reuni\u00f3n, Juan Carlos Osorio estableci\u00f3 que cualquier llamado a la Selecci\u00f3n depender\u00eda del momento futbol\u00edstico de cada jugador. Ochoa, aunque tiene calidad, est\u00e1 lejos de protagonizar uno que respalde su inclusi\u00f3n ante la falta de actividad que tiene con el M\u00e1laga. Si le va bien tendr\u00e1 minutos en Copa del Rey, pero hasta el pr\u00f3ximo mes de diciembre, cuando inician los diesciseisavos de la justa. Despu\u00e9s de ello, quiz\u00e1, haya un resquicio para que sea tomado en cuenta de cara a la siguiente fecha que ser\u00e1 en marzo y el rival, Canad\u00e1.<\/p>\n<p>En el M\u00e1laga no hay respuesta de si el mexicano podr\u00e1 tener minutos. Este jueves el diario <em>Marca <\/em>public\u00f3 una entrevista al director deportivo del club, Mario Husillos, quien en agosto pasado afirm\u00f3 que &#8220;el equipo est\u00e1 encantado con Ochoa\u00a0 y lo ve como un jugador de futuro&#8221;. A pregunta expresa sobre por qu\u00e9 se ve poco o nada de \u00e9l,\u00a0 Filipenko, Tighadouini y Espinho respondi\u00f3: &#8220;Esa es una pregunta para el entrenador. Yo los firm\u00e9 a todos, creo que son excelentes jugadores. Nosotros tratamos de escuchar al entrenador y tambi\u00e9n hemos sacado a otros jugadores con los que Javi Gracia contaba menos&#8221;.<\/p>\n<p style=\"text-align: center;\"><strong><span style=\"color: #3366ff;\"><a style=\"color: #3366ff;\" href=\"http:\/\/futboltotal.com.mx\/2015\/10\/memo-ochoa-rechazaria-al-veracruz\/\">LEER M\u00c1S: Descartan regreso de Ochoa a la Liga MX<\/a><\/span><\/strong><\/p>\n","protected":false},"excerpt":{"rendered":"<p>El portero mexicano no estar\u00eda en el arranque de las eliminatorias mundialistas <\/p>\n","protected":false},"author":20,"featured_media":329042,"comment_status":"closed","ping_status":"closed","sticky":false,"template":"","format":"standard","meta":[],"categories":[5,3847],"tags":[5991,306],"_links":{"self":[{"href":"http:\/\/desarrollo.grupomedios.com\/futbol\/wp-json\/wp\/v2\/posts\/329038"}],"collection":[{"href":"http:\/\/desarrollo.grupomedios.com\/futbol\/wp-json\/wp\/v2\/posts"}],"about":[{"href":"http:\/\/desarrollo.grupomedios.com\/futbol\/wp-json\/wp\/v2\/types\/post"}],"author":[{"embeddable":true,"href":"http:\/\/desarrollo.grupomedios.com\/futbol\/wp-json\/wp\/v2\/users\/20"}],"replies":[{"embeddable":true,"href":"http:\/\/desarrollo.grupomedios.com\/futbol\/wp-json\/wp\/v2\/comments?post=329038"}],"version-history":[{"count":0,"href":"http:\/\/desarrollo.grupomedios.com\/futbol\/wp-json\/wp\/v2\/posts\/329038\/revisions"}],"wp:featuredmedia":[{"embeddable":true,"href":"http:\/\/desarrollo.grupomedios.com\/futbol\/wp-json\/wp\/v2\/media\/329042"}],"wp:attachment":[{"href":"http:\/\/desarrollo.grupomedios.com\/futbol\/wp-json\/wp\/v2\/media?parent=329038"}],"wp:term":[{"taxonomy":"category","embeddable":true,"href":"http:\/\/desarrollo.grupomedios.com\/futbol\/wp-json\/wp\/v2\/categories?post=329038"},{"taxonomy":"post_tag","embeddable":true,"href":"http:\/\/desarrollo.grupomedios.com\/futbol\/wp-json\/wp\/v2\/tags?post=329038"}],"curies":[{"name":"wp","href":"https:\/\/api.w.org\/{rel}","templated":true}]}}