{"id":329053,"date":"2015-10-29T13:58:16","date_gmt":"2015-10-29T18:58:16","guid":{"rendered":"http:\/\/futboltotal.com.mx\/?p=329053"},"modified":"2015-10-29T13:58:16","modified_gmt":"2015-10-29T18:58:16","slug":"alexandre-pato-puede-ir-al-barcelona","status":"publish","type":"post","link":"http:\/\/desarrollo.grupomedios.com\/futbol\/futbol-internacional\/alexandre-pato-puede-ir-al-barcelona\/2015\/10","title":{"rendered":"Alexandre Pato puede ir al Barcelona"},"content":{"rendered":"<p>La recuperaci\u00f3n de nivel de <strong>Alexandre Pato<\/strong> en el futbol brasile\u00f1o, har\u00edan que el jugador pueda tener una segunda oportunidad en Europa, y uno de los nombres que suenan fuerte es el del <strong>Barcelona<\/strong>.<\/p>\n<p>El actual jugador del Sao Paulo tuvo una llegada mete\u00f3rica al futbol europeo, cuando lleg\u00f3 con 18 a\u00f1os a la disciplina del AC Mil\u00e1n, donde dio grandes muestras de calidad, pero donde tambi\u00e9n vivi\u00f3 una dr\u00e1stica picada, la cual lo hizo regresar al futbol amaz\u00f3nico.<\/p>\n<p>Sin embargo, fuera de los reflectores del futbol mundial, todo parece indicar que Pato ha regresado a ser ese joven de 18 a\u00f1os que brill\u00f3 con el Internacional de Porto Alegre; por lo que su representante ha buscado colocarlo en el Viejo Continente; y una opci\u00f3n viable ser\u00eda el equipo de Luis Enrique.<\/p>\n<p style=\"text-align: center;\"><strong><span style=\"color: #3366ff;\"><a style=\"color: #3366ff;\" href=\"http:\/\/futboltotal.com.mx\/2015\/10\/barcelona-tiene-oportunidad-de-jugar-en-la-liga-de-francia\/\">LEER M\u00c1S: Barcelona podr\u00eda jugar en la Liga de Francia<\/a><\/span><\/strong><\/p>\n<p>\u00bfLa raz\u00f3n? Cuenta con 26 a\u00f1os de edad, ha retomado su nivel; tanto el Corinthians (due\u00f1o de su carta) como el Sao Paulo no cuentan con \u00e9l y, adem\u00e1s, el <strong>Barcelona<\/strong> buscar\u00eda a un elemento que no le genere tanto gasto en cuanto a sueldo se refiere; y Pato llegar\u00eda cedido hasta final de temporada, pagando el conjunto catal\u00e1n, solo 2.5 millones de euros de salario.<\/p>\n<p>A pesar de que podr\u00eda ser una opci\u00f3n viable llegar al conjunto blaugrana, su representante, Kia Joorabchian ha dejado ver que hay m\u00e1s clubes en los cuales podr\u00eda recalar Pato, como el West Ham, el Borussia Dortmund y algunos clubes de la Serie A de Italia.<\/p>\n<p>Todo parece indicar que veremos de nueva cuenta el nombre de <strong>Alexandre Pato<\/strong> impreso en alguna el\u00e1stica en Europa muy pronto; situaci\u00f3n que al brasile\u00f1o le ayudar\u00eda bastante, en su b\u00fasqueda de regresar a la selecci\u00f3n de Brasil.<\/p>\n","protected":false},"excerpt":{"rendered":"<p>El brasile\u00f1o reforzar\u00eda la delantera en enero<\/p>\n","protected":false},"author":20,"featured_media":329054,"comment_status":"closed","ping_status":"closed","sticky":false,"template":"","format":"standard","meta":[],"categories":[3839,3844],"tags":[2298,5984],"_links":{"self":[{"href":"http:\/\/desarrollo.grupomedios.com\/futbol\/wp-json\/wp\/v2\/posts\/329053"}],"collection":[{"href":"http:\/\/desarrollo.grupomedios.com\/futbol\/wp-json\/wp\/v2\/posts"}],"about":[{"href":"http:\/\/desarrollo.grupomedios.com\/futbol\/wp-json\/wp\/v2\/types\/post"}],"author":[{"embeddable":true,"href":"http:\/\/desarrollo.grupomedios.com\/futbol\/wp-json\/wp\/v2\/users\/20"}],"replies":[{"embeddable":true,"href":"http:\/\/desarrollo.grupomedios.com\/futbol\/wp-json\/wp\/v2\/comments?post=329053"}],"version-history":[{"count":0,"href":"http:\/\/desarrollo.grupomedios.com\/futbol\/wp-json\/wp\/v2\/posts\/329053\/revisions"}],"wp:featuredmedia":[{"embeddable":true,"href":"http:\/\/desarrollo.grupomedios.com\/futbol\/wp-json\/wp\/v2\/media\/329054"}],"wp:attachment":[{"href":"http:\/\/desarrollo.grupomedios.com\/futbol\/wp-json\/wp\/v2\/media?parent=329053"}],"wp:term":[{"taxonomy":"category","embeddable":true,"href":"http:\/\/desarrollo.grupomedios.com\/futbol\/wp-json\/wp\/v2\/categories?post=329053"},{"taxonomy":"post_tag","embeddable":true,"href":"http:\/\/desarrollo.grupomedios.com\/futbol\/wp-json\/wp\/v2\/tags?post=329053"}],"curies":[{"name":"wp","href":"https:\/\/api.w.org\/{rel}","templated":true}]}}